{"id":19,"date":"2013-03-21T19:13:52","date_gmt":"2013-03-21T19:13:52","guid":{"rendered":"http:\/\/blogues.arouca.biz\/aroucafilmfestival\/?p=19"},"modified":"2013-03-21T19:13:52","modified_gmt":"2013-03-21T19:13:52","slug":"concurso-curtas-criativas","status":"publish","type":"post","link":"https:\/\/aroucafilmfestival.com\/en\/concurso-curtas-criativas\/","title":{"rendered":"Concurso Curtas Criativas"},"content":{"rendered":"<p style=\"text-align: justify\"><strong>\u201cCurtas Criativas\u201d &#8211;\u00a03\u00ba concurso de curtas metragens<\/strong><\/p>\n<p style=\"text-align: justify\">\u00a0Desenvolver e fomentar o gosto pelo cinema, incentivar a produ\u00e7\u00e3o de obras cinematogr\u00e1ficas, valorizar a capacidade criativa e o esp\u00edrito de iniciativa dos jovens s\u00e3o apenas alguns dos objetivos do terceiro concurso de curtas metragens promovido pelo Cine Clube de Arouca.<\/p>\n<p style=\"text-align: justify\">O concurso de curtas metragens pretende dar um novo impulso aos jovens realizadores, dando espa\u00e7o e voz aos novos talentos do audiovisual. Desta forma, ser\u00e1 criado um canal priviliegiado para que os jovens expressem as suas opini\u00f5es e ideias, desafiando-os a desenvolver uma obra cinematogr\u00e1fica, com uma dura\u00e7\u00e3o m\u00e1xima de 5 minutos, com tem\u00e1tica livre, mas de uma forma original e inovadora.<\/p>\n<p style=\"text-align: justify\">As inscri\u00e7\u00f5es para o concurso decorrer\u00e3o at\u00e9 ao dia 31 de Maio de 2013.<\/p>\n<p style=\"text-align: justify\">Os filmes produzidos ter\u00e3o honras de encerramento na 11\u00aa edi\u00e7\u00e3o do Arouca Film Festival, sendo exibidos durante aquela que \u00e9 j\u00e1 considerada como a verdadeira \u201cfesta do cinema\u201d e que estar\u00e1 de regresso a Arouca nos dias 13, 14 e 15 de Setembro de 2013.<\/p>\n<p style=\"text-align: justify\">N\u00e3o percas esta oportunidade, mostra o teu talento!<\/p>\n<p style=\"text-align: justify\">Inscri\u00e7\u00e3o e regulamento dispon\u00edveis em baixo.<\/p>\n<p style=\"text-align: justify\">Para esclarecimento de d\u00favidas contacta: <a href=\"mailto:aroucafilmfestival@gmail.com\">aroucafilmfestival@gmail.com<\/a><\/p>\n<p style=\"text-align: justify\">Em conjunto ir\u00e3o atribuir \u00e0s tr\u00eas melhores produ\u00e7\u00f5es os seguintes pr\u00e9mios:<\/p>\n<p style=\"text-align: justify\">1\u00ba Pr\u00e9mio: Cheque no valor de 100.00\u20ac<\/p>\n<p style=\"text-align: justify\">2\u00ba Pr\u00e9mio: Cheque no valor de 50.00\u20ac<\/p>\n<p style=\"text-align: justify\">3\u00ba Pr\u00e9mio: Cheque no valor de 25.00\u20ac<\/p>\n<p style=\"text-align: justify\"><span style=\"color: #333399\"><a href=\"http:\/\/blogues.arouca.biz\/aroucafilmfestival\/wp-content\/uploads\/sites\/4\/2013\/03\/Ficha-Inscri\u00e7\u00e3o-Concurso-2013.pdf\" target=\"_blank\" rel=\"noopener\"><span style=\"color: #333399\">Ficha Inscri\u00e7\u00e3o Concurso 2013<\/span><\/a>\u00a0|\u00a0<a href=\"http:\/\/blogues.arouca.biz\/aroucafilmfestival\/wp-content\/uploads\/sites\/4\/2013\/03\/Regulamento-Concurso-2013.pdf\"><span style=\"color: #333399\">Regulamento Concurso 2013<\/span><\/a>\u00a0|\u00a0<a style=\"color: #ff4b33;line-height: 24px\" href=\"http:\/\/blogues.arouca.biz\/aroucafilmfestival\/wp-content\/uploads\/sites\/4\/2013\/03\/Cess\u00e3o-de-Direitos-Concurso-2013.pdf\"><span style=\"color: #333399\">Cess\u00e3o de Direitos Concurso 2013<\/span><\/a><span style=\"line-height: 24px\">\u00a0<\/span><\/span><\/p>\n<p style=\"text-align: justify\">","protected":false},"excerpt":{"rendered":"<p>\u201cCurtas Criativas\u201d &#8211;\u00a03\u00ba concurso de curtas metragens \u00a0Desenvolver e fomentar o gosto pelo cinema, incentivar a produ\u00e7\u00e3o de obras cinematogr\u00e1ficas, valorizar a capacidade criativa e o esp\u00edrito de iniciativa dos jovens s\u00e3o apenas alguns dos objetivos do terceiro concurso de curtas metragens promovido pelo Cine Clube de Arouca. O concurso de curtas metragens pretende dar um novo impulso aos jovens realizadores, dando espa\u00e7o e voz aos novos talentos do audiovisual. Desta forma, ser\u00e1 criado um canal priviliegiado para que os jovens expressem as suas opini\u00f5es e ideias, desafiando-os a desenvolver uma obra cinematogr\u00e1fica, com uma dura\u00e7\u00e3o m\u00e1xima de 5 minutos, com tem\u00e1tica livre, mas de uma forma original e inovadora. As inscri\u00e7\u00f5es para o concurso decorrer\u00e3o at\u00e9 ao dia 31 de Maio de 2013. Os filmes produzidos ter\u00e3o honras de encerramento na 11\u00aa edi\u00e7\u00e3o do Arouca Film Festival, sendo exibidos durante aquela que \u00e9 j\u00e1 considerada como a verdadeira \u201cfesta do cinema\u201d e que estar\u00e1 de regresso a Arouca nos dias 13, 14 e 15 de Setembro de 2013. N\u00e3o percas esta oportunidade, mostra o teu talento! Inscri\u00e7\u00e3o e regulamento dispon\u00edveis em baixo. Para esclarecimento de d\u00favidas contacta: aroucafilmfestival@gmail.com Em conjunto ir\u00e3o atribuir \u00e0s tr\u00eas melhores produ\u00e7\u00f5es os seguintes pr\u00e9mios: 1\u00ba Pr\u00e9mio: Cheque no valor de 100.00\u20ac 2\u00ba Pr\u00e9mio: Cheque no valor de 50.00\u20ac 3\u00ba Pr\u00e9mio: Cheque no valor de 25.00\u20ac Ficha Inscri\u00e7\u00e3o Concurso 2013\u00a0|\u00a0Regulamento Concurso 2013\u00a0|\u00a0Cess\u00e3o de Direitos Concurso 2013\u00a0<\/p>","protected":false},"author":4,"featured_media":0,"comment_status":"open","ping_status":"open","sticky":false,"template":"","format":"standard","meta":{"zakra_page_container_layout":"customizer","zakra_page_sidebar_layout":"customizer","zakra_remove_content_margin":false,"zakra_sidebar":"customizer","zakra_transparent_header":"customizer","zakra_logo":0,"zakra_main_header_style":"default","zakra_menu_item_color":"","zakra_menu_item_hover_color":"","zakra_menu_item_active_color":"","zakra_menu_active_style":"","zakra_page_header":true,"footnotes":""},"categories":[17,20],"tags":[18,19],"class_list":["post-19","post","type-post","status-publish","format-standard","hentry","category-arouca-film-festival-2014","category-festival-2014","tag-concurso","tag-curtas"],"yoast_head":"<!-- This site is optimized with the Yoast SEO plugin v27.2 - https:\/\/yoast.com\/product\/yoast-seo-wordpress\/ -->\n<title>Concurso Curtas Criativas - Arouca Film Festival<\/title>\n<meta name=\"description\" content=\"\u201cCurtas Criativas\u201d -\u00a03\u00ba concurso de curtas metragens \u00a0Desenvolver e fomentar o gosto pelo cinema, incentivar a produ\u00e7\u00e3o de obras cinematogr\u00e1ficas,\" \/>\n<meta name=\"robots\" content=\"index, follow, max-snippet:-1, max-image-preview:large, max-video-preview:-1\" \/>\n<link rel=\"canonical\" href=\"https:\/\/aroucafilmfestival.com\/en\/concurso-curtas-criativas\/\" \/>\n<meta property=\"og:locale\" content=\"en_GB\" \/>\n<meta property=\"og:type\" content=\"article\" \/>\n<meta property=\"og:title\" content=\"Concurso Curtas Criativas - Arouca Film Festival\" \/>\n<meta property=\"og:description\" content=\"\u201cCurtas Criativas\u201d -\u00a03\u00ba concurso de curtas metragens \u00a0Desenvolver e fomentar o gosto pelo cinema, incentivar a produ\u00e7\u00e3o de obras cinematogr\u00e1ficas,\" \/>\n<meta property=\"og:url\" content=\"https:\/\/aroucafilmfestival.com\/en\/concurso-curtas-criativas\/\" \/>\n<meta property=\"og:site_name\" content=\"Arouca Film Festival\" \/>\n<meta property=\"article:publisher\" content=\"https:\/\/www.facebook.com\/aroucafilmfestival\" \/>\n<meta property=\"article:published_time\" content=\"2013-03-21T19:13:52+00:00\" \/>\n<meta property=\"og:image\" content=\"https:\/\/aroucafilmfestival.com\/wp-content\/uploads\/2023\/04\/Banner-Inscricoes-2023_FACE-scaled.jpg\" \/>\n\t<meta property=\"og:image:width\" content=\"2560\" \/>\n\t<meta property=\"og:image:height\" content=\"1073\" \/>\n\t<meta property=\"og:image:type\" content=\"image\/jpeg\" \/>\n<meta name=\"author\" content=\"Arouca Film Festival\" \/>\n<meta name=\"twitter:card\" content=\"summary_large_image\" \/>\n<meta name=\"twitter:label1\" content=\"Written by\" \/>\n\t<meta name=\"twitter:data1\" content=\"Arouca Film Festival\" \/>\n\t<meta name=\"twitter:label2\" content=\"Estimated reading time\" \/>\n\t<meta name=\"twitter:data2\" content=\"1 minute\" \/>\n<script type=\"application\/ld+json\" class=\"yoast-schema-graph\">{\"@context\":\"https:\/\/schema.org\",\"@graph\":[{\"@type\":\"Article\",\"@id\":\"https:\/\/aroucafilmfestival.com\/en\/concurso-curtas-criativas\/#article\",\"isPartOf\":{\"@id\":\"https:\/\/aroucafilmfestival.com\/en\/concurso-curtas-criativas\/\"},\"author\":{\"name\":\"Arouca Film Festival\",\"@id\":\"https:\/\/aroucafilmfestival.com\/#\/schema\/person\/567c7b93627dffd5382b9569851b2188\"},\"headline\":\"Concurso Curtas Criativas\",\"datePublished\":\"2013-03-21T19:13:52+00:00\",\"mainEntityOfPage\":{\"@id\":\"https:\/\/aroucafilmfestival.com\/en\/concurso-curtas-criativas\/\"},\"wordCount\":247,\"commentCount\":0,\"publisher\":{\"@id\":\"https:\/\/aroucafilmfestival.com\/#organization\"},\"keywords\":[\"concurso\",\"Curtas\"],\"articleSection\":[\"Arouca Film Festival 2014\",\"Festival 2014\"],\"inLanguage\":\"en-GB\",\"potentialAction\":[{\"@type\":\"CommentAction\",\"name\":\"Comment\",\"target\":[\"https:\/\/aroucafilmfestival.com\/en\/concurso-curtas-criativas\/#respond\"]}]},{\"@type\":\"WebPage\",\"@id\":\"https:\/\/aroucafilmfestival.com\/en\/concurso-curtas-criativas\/\",\"url\":\"https:\/\/aroucafilmfestival.com\/en\/concurso-curtas-criativas\/\",\"name\":\"Concurso Curtas Criativas - Arouca Film Festival\",\"isPartOf\":{\"@id\":\"https:\/\/aroucafilmfestival.com\/#website\"},\"datePublished\":\"2013-03-21T19:13:52+00:00\",\"description\":\"\u201cCurtas Criativas\u201d -\u00a03\u00ba concurso de curtas metragens \u00a0Desenvolver e fomentar o gosto pelo cinema, incentivar a produ\u00e7\u00e3o de obras cinematogr\u00e1ficas,\",\"breadcrumb\":{\"@id\":\"https:\/\/aroucafilmfestival.com\/en\/concurso-curtas-criativas\/#breadcrumb\"},\"inLanguage\":\"en-GB\",\"potentialAction\":[{\"@type\":\"ReadAction\",\"target\":[\"https:\/\/aroucafilmfestival.com\/en\/concurso-curtas-criativas\/\"]}]},{\"@type\":\"BreadcrumbList\",\"@id\":\"https:\/\/aroucafilmfestival.com\/en\/concurso-curtas-criativas\/#breadcrumb\",\"itemListElement\":[{\"@type\":\"ListItem\",\"position\":1,\"name\":\"In\u00edcio\",\"item\":\"https:\/\/aroucafilmfestival.com\/\"},{\"@type\":\"ListItem\",\"position\":2,\"name\":\"Concurso Curtas Criativas\"}]},{\"@type\":\"WebSite\",\"@id\":\"https:\/\/aroucafilmfestival.com\/#website\",\"url\":\"https:\/\/aroucafilmfestival.com\/\",\"name\":\"Arouca Film Festival\",\"description\":\"Portuguese Internacional Film Festival\",\"publisher\":{\"@id\":\"https:\/\/aroucafilmfestival.com\/#organization\"},\"potentialAction\":[{\"@type\":\"SearchAction\",\"target\":{\"@type\":\"EntryPoint\",\"urlTemplate\":\"https:\/\/aroucafilmfestival.com\/?s={search_term_string}\"},\"query-input\":{\"@type\":\"PropertyValueSpecification\",\"valueRequired\":true,\"valueName\":\"search_term_string\"}}],\"inLanguage\":\"en-GB\"},{\"@type\":\"Organization\",\"@id\":\"https:\/\/aroucafilmfestival.com\/#organization\",\"name\":\"Arouca Film Festival\",\"alternateName\":\"AFF\",\"url\":\"https:\/\/aroucafilmfestival.com\/\",\"logo\":{\"@type\":\"ImageObject\",\"inLanguage\":\"en-GB\",\"@id\":\"https:\/\/aroucafilmfestival.com\/#\/schema\/logo\/image\/\",\"url\":\"https:\/\/aroucafilmfestival.com\/wp-content\/uploads\/2021\/09\/TelaLIT_AFF_2021_3-scaled-e1631835841735.jpg\",\"contentUrl\":\"https:\/\/aroucafilmfestival.com\/wp-content\/uploads\/2021\/09\/TelaLIT_AFF_2021_3-scaled-e1631835841735.jpg\",\"width\":2560,\"height\":889,\"caption\":\"Arouca Film Festival\"},\"image\":{\"@id\":\"https:\/\/aroucafilmfestival.com\/#\/schema\/logo\/image\/\"},\"sameAs\":[\"https:\/\/www.facebook.com\/aroucafilmfestival\",\"https:\/\/www.instagram.com\/aroucafilmfestival_portugal\/\"]},{\"@type\":\"Person\",\"@id\":\"https:\/\/aroucafilmfestival.com\/#\/schema\/person\/567c7b93627dffd5382b9569851b2188\",\"name\":\"Arouca Film Festival\",\"image\":{\"@type\":\"ImageObject\",\"inLanguage\":\"en-GB\",\"@id\":\"https:\/\/secure.gravatar.com\/avatar\/485cf0a18451e6832e2b3a32472226f14f0e495e0ea571ee9498580288f0a2ed?s=96&d=blank&r=g\",\"url\":\"https:\/\/secure.gravatar.com\/avatar\/485cf0a18451e6832e2b3a32472226f14f0e495e0ea571ee9498580288f0a2ed?s=96&d=blank&r=g\",\"contentUrl\":\"https:\/\/secure.gravatar.com\/avatar\/485cf0a18451e6832e2b3a32472226f14f0e495e0ea571ee9498580288f0a2ed?s=96&d=blank&r=g\",\"caption\":\"Arouca Film Festival\"}}]}<\/script>\n<!-- \/ Yoast SEO plugin. -->","yoast_head_json":{"title":"Concurso Curtas Criativas - Arouca Film Festival","description":"\u201cCurtas Criativas\u201d -\u00a03\u00ba concurso de curtas metragens \u00a0Desenvolver e fomentar o gosto pelo cinema, incentivar a produ\u00e7\u00e3o de obras cinematogr\u00e1ficas,","robots":{"index":"index","follow":"follow","max-snippet":"max-snippet:-1","max-image-preview":"max-image-preview:large","max-video-preview":"max-video-preview:-1"},"canonical":"https:\/\/aroucafilmfestival.com\/en\/concurso-curtas-criativas\/","og_locale":"en_GB","og_type":"article","og_title":"Concurso Curtas Criativas - Arouca Film Festival","og_description":"\u201cCurtas Criativas\u201d -\u00a03\u00ba concurso de curtas metragens \u00a0Desenvolver e fomentar o gosto pelo cinema, incentivar a produ\u00e7\u00e3o de obras cinematogr\u00e1ficas,","og_url":"https:\/\/aroucafilmfestival.com\/en\/concurso-curtas-criativas\/","og_site_name":"Arouca Film Festival","article_publisher":"https:\/\/www.facebook.com\/aroucafilmfestival","article_published_time":"2013-03-21T19:13:52+00:00","og_image":[{"width":2560,"height":1073,"url":"https:\/\/aroucafilmfestival.com\/wp-content\/uploads\/2023\/04\/Banner-Inscricoes-2023_FACE-scaled.jpg","type":"image\/jpeg"}],"author":"Arouca Film Festival","twitter_card":"summary_large_image","twitter_misc":{"Written by":"Arouca Film Festival","Estimated reading time":"1 minute"},"schema":{"@context":"https:\/\/schema.org","@graph":[{"@type":"Article","@id":"https:\/\/aroucafilmfestival.com\/en\/concurso-curtas-criativas\/#article","isPartOf":{"@id":"https:\/\/aroucafilmfestival.com\/en\/concurso-curtas-criativas\/"},"author":{"name":"Arouca Film Festival","@id":"https:\/\/aroucafilmfestival.com\/#\/schema\/person\/567c7b93627dffd5382b9569851b2188"},"headline":"Concurso Curtas Criativas","datePublished":"2013-03-21T19:13:52+00:00","mainEntityOfPage":{"@id":"https:\/\/aroucafilmfestival.com\/en\/concurso-curtas-criativas\/"},"wordCount":247,"commentCount":0,"publisher":{"@id":"https:\/\/aroucafilmfestival.com\/#organization"},"keywords":["concurso","Curtas"],"articleSection":["Arouca Film Festival 2014","Festival 2014"],"inLanguage":"en-GB","potentialAction":[{"@type":"CommentAction","name":"Comment","target":["https:\/\/aroucafilmfestival.com\/en\/concurso-curtas-criativas\/#respond"]}]},{"@type":"WebPage","@id":"https:\/\/aroucafilmfestival.com\/en\/concurso-curtas-criativas\/","url":"https:\/\/aroucafilmfestival.com\/en\/concurso-curtas-criativas\/","name":"Concurso Curtas Criativas - Arouca Film Festival","isPartOf":{"@id":"https:\/\/aroucafilmfestival.com\/#website"},"datePublished":"2013-03-21T19:13:52+00:00","description":"\u201cCurtas Criativas\u201d -\u00a03\u00ba concurso de curtas metragens \u00a0Desenvolver e fomentar o gosto pelo cinema, incentivar a produ\u00e7\u00e3o de obras cinematogr\u00e1ficas,","breadcrumb":{"@id":"https:\/\/aroucafilmfestival.com\/en\/concurso-curtas-criativas\/#breadcrumb"},"inLanguage":"en-GB","potentialAction":[{"@type":"ReadAction","target":["https:\/\/aroucafilmfestival.com\/en\/concurso-curtas-criativas\/"]}]},{"@type":"BreadcrumbList","@id":"https:\/\/aroucafilmfestival.com\/en\/concurso-curtas-criativas\/#breadcrumb","itemListElement":[{"@type":"ListItem","position":1,"name":"In\u00edcio","item":"https:\/\/aroucafilmfestival.com\/"},{"@type":"ListItem","position":2,"name":"Concurso Curtas Criativas"}]},{"@type":"WebSite","@id":"https:\/\/aroucafilmfestival.com\/#website","url":"https:\/\/aroucafilmfestival.com\/","name":"Arouca Film Festival","description":"Portuguese Internacional Film Festival","publisher":{"@id":"https:\/\/aroucafilmfestival.com\/#organization"},"potentialAction":[{"@type":"SearchAction","target":{"@type":"EntryPoint","urlTemplate":"https:\/\/aroucafilmfestival.com\/?s={search_term_string}"},"query-input":{"@type":"PropertyValueSpecification","valueRequired":true,"valueName":"search_term_string"}}],"inLanguage":"en-GB"},{"@type":"Organization","@id":"https:\/\/aroucafilmfestival.com\/#organization","name":"Arouca Film Festival","alternateName":"AFF","url":"https:\/\/aroucafilmfestival.com\/","logo":{"@type":"ImageObject","inLanguage":"en-GB","@id":"https:\/\/aroucafilmfestival.com\/#\/schema\/logo\/image\/","url":"https:\/\/aroucafilmfestival.com\/wp-content\/uploads\/2021\/09\/TelaLIT_AFF_2021_3-scaled-e1631835841735.jpg","contentUrl":"https:\/\/aroucafilmfestival.com\/wp-content\/uploads\/2021\/09\/TelaLIT_AFF_2021_3-scaled-e1631835841735.jpg","width":2560,"height":889,"caption":"Arouca Film Festival"},"image":{"@id":"https:\/\/aroucafilmfestival.com\/#\/schema\/logo\/image\/"},"sameAs":["https:\/\/www.facebook.com\/aroucafilmfestival","https:\/\/www.instagram.com\/aroucafilmfestival_portugal\/"]},{"@type":"Person","@id":"https:\/\/aroucafilmfestival.com\/#\/schema\/person\/567c7b93627dffd5382b9569851b2188","name":"Arouca Film Festival","image":{"@type":"ImageObject","inLanguage":"en-GB","@id":"https:\/\/secure.gravatar.com\/avatar\/485cf0a18451e6832e2b3a32472226f14f0e495e0ea571ee9498580288f0a2ed?s=96&d=blank&r=g","url":"https:\/\/secure.gravatar.com\/avatar\/485cf0a18451e6832e2b3a32472226f14f0e495e0ea571ee9498580288f0a2ed?s=96&d=blank&r=g","contentUrl":"https:\/\/secure.gravatar.com\/avatar\/485cf0a18451e6832e2b3a32472226f14f0e495e0ea571ee9498580288f0a2ed?s=96&d=blank&r=g","caption":"Arouca Film Festival"}}]}},"_links":{"self":[{"href":"https:\/\/aroucafilmfestival.com\/en\/wp-json\/wp\/v2\/posts\/19","targetHints":{"allow":["GET"]}}],"collection":[{"href":"https:\/\/aroucafilmfestival.com\/en\/wp-json\/wp\/v2\/posts"}],"about":[{"href":"https:\/\/aroucafilmfestival.com\/en\/wp-json\/wp\/v2\/types\/post"}],"author":[{"embeddable":true,"href":"https:\/\/aroucafilmfestival.com\/en\/wp-json\/wp\/v2\/users\/4"}],"replies":[{"embeddable":true,"href":"https:\/\/aroucafilmfestival.com\/en\/wp-json\/wp\/v2\/comments?post=19"}],"version-history":[{"count":0,"href":"https:\/\/aroucafilmfestival.com\/en\/wp-json\/wp\/v2\/posts\/19\/revisions"}],"wp:attachment":[{"href":"https:\/\/aroucafilmfestival.com\/en\/wp-json\/wp\/v2\/media?parent=19"}],"wp:term":[{"taxonomy":"category","embeddable":true,"href":"https:\/\/aroucafilmfestival.com\/en\/wp-json\/wp\/v2\/categories?post=19"},{"taxonomy":"post_tag","embeddable":true,"href":"https:\/\/aroucafilmfestival.com\/en\/wp-json\/wp\/v2\/tags?post=19"}],"curies":[{"name":"wp","href":"https:\/\/api.w.org\/{rel}","templated":true}]}}