{"id":1939,"date":"2019-09-16T11:43:26","date_gmt":"2019-09-16T11:43:26","guid":{"rendered":"http:\/\/blogues.arouca.biz\/aroucafilmfestival\/?p=1898"},"modified":"2019-09-16T11:43:26","modified_gmt":"2019-09-16T11:43:26","slug":"premiados-winners-4","status":"publish","type":"post","link":"https:\/\/aroucafilmfestival.com\/en\/premiados-winners-4\/","title":{"rendered":"Premiados | Winners"},"content":{"rendered":"<p>Vencedores 17\u00ba Arouca Film Festival |\u00a0Winners 17th edition Arouca Film Festival<\/p>\n<p><a href=\"http:\/\/blogues.arouca.biz\/aroucafilmfestival\/wp-content\/uploads\/sites\/4\/2019\/09\/Soldado-Milhoes.jpg\"><img fetchpriority=\"high\" decoding=\"async\" class=\"alignnone size-large wp-image-1899\" src=\"http:\/\/blogues.arouca.biz\/aroucafilmfestival\/wp-content\/uploads\/sites\/4\/2019\/09\/Soldado-Milhoes-1024x277.jpg\" alt=\"\" width=\"625\" height=\"169\" \/><\/a><\/p>\n<p><strong><span style=\"color: #ff0000\">Best Film Festival<\/span> | Melhor Filme | LOUSA DE OURO | Gold Slate<\/strong><\/p>\n<ul>\n<li><span style=\"color: #ff0000\"><strong>SOLDADO MILH\u00d5ES<\/strong><\/span>\u00a0| Gon\u00e7alo Galv\u00e3o Teles e Jorge Paix\u00e3o da Costa | Fic.| 85\u2019 | Portugal<\/li>\n<\/ul>\n<p><a href=\"http:\/\/blogues.arouca.biz\/aroucafilmfestival\/wp-content\/uploads\/sites\/4\/2019\/09\/ENTRE-SOMBRAS-BETWEEN-THE-SHADOWS.jpg\"><img decoding=\"async\" class=\"alignnone size-large wp-image-1900\" src=\"http:\/\/blogues.arouca.biz\/aroucafilmfestival\/wp-content\/uploads\/sites\/4\/2019\/09\/ENTRE-SOMBRAS-BETWEEN-THE-SHADOWS-1024x232.jpg\" alt=\"\" width=\"625\" height=\"142\" \/><\/a><\/p>\n<p><strong>2\u00ba \u00a0Best Film Festival| 2\u00ba Melhor Filme | LOUSA DE PRATA | Silver Slate<\/strong><\/p>\n<ul>\n<li><strong>ENTRE SOMBRAS<\/strong>\u00a0| Alice Guimar\u00e3es e M\u00f3nica Santos | Ani. | 13\u2019 | Fran\u00e7a &#8211; Portugal<\/li>\n<\/ul>\n<p>&nbsp;<\/p>\n<p><strong>Best\u00a0Feature Film\u00a0|Melhor Filme Longa-Metragem<\/strong><\/p>\n<ul>\n<li><span style=\"color: #000000\"><strong>SOLDADO MILH\u00d5ES<\/strong><\/span>\u00a0| Gon\u00e7alo Galv\u00e3o Teles e Jorge Paix\u00e3o da Costa | Fic.| 85\u2019 | Portugal<\/li>\n<\/ul>\n<p><strong>Best\u00a0Short\u00a0Film\u00a0|Melhor Filme fic\u00e7\u00e3o<\/strong><\/p>\n<ul>\n<li><strong>ENTRE SOMBRAS<\/strong>\u00a0| Alice Guimar\u00e3es e M\u00f3nica Santos | Ani. | 13\u2019 | Fran\u00e7a &#8211; Portugal<\/li>\n<\/ul>\n<p>&nbsp;<\/p>\n<p><strong>Best Feature Fiction Film\u00a0| Melhor filme de fic\u00e7\u00e3o &#8211; Longa-Metragem<\/strong><\/p>\n<ul>\n<li><strong>QUERO-TE TANTO<\/strong>\u00a0| Viventes Alves do \u00d3 | 103\u2019 | Portugal<\/li>\n<\/ul>\n<p><strong>Best Short Fiction Film\u00a0| Melhor filme fic\u00e7\u00e3o -Curta_Metragem<\/strong><\/p>\n<ul>\n<li><strong>S<\/strong>\u00a0| Ilya Sherstobitov | 10\u2019 | Russia<\/li>\n<\/ul>\n<p><strong>Best Documentary Film\u00a0| Melhor filme Document\u00e1rio<\/strong><\/p>\n<ul>\n<li><strong>LUPO<\/strong>\u00a0| Pedro Lino | Doc. | 75\u2019 | Portugal<\/li>\n<\/ul>\n<p><strong>Best\u00a0\u00a0Animation Film\u00a0| Melhor filme anima\u00e7\u00e3o<\/strong><\/p>\n<ul>\n<li><strong>STUCK IN THE MIDDLE<\/strong>\u00a0| Denis Fleurion | Ani. | 6\u2019 | Fran\u00e7a<\/li>\n<\/ul>\n<p><strong>Best Videoclip Film\u00a0| Melhor Videoclip<\/strong><\/p>\n<ul>\n<li><strong>ADAMASTOR &#8211; A Garota N\u00e3o<\/strong>\u00a0| Pedro Estev\u00e3o Semedo | VideoClip | 4\u2019 | Portugal<\/li>\n<\/ul>\n<p><strong>Best\u00a0\u00a0Experimental Film\u00a0| Melhor filme experimental<\/strong><\/p>\n<ul>\n<li><strong>STATUE<\/strong>\u00a0| Zhan Danelyan | Exp. | 4\u2019 | Russia<\/li>\n<\/ul>\n<p><strong>Best\u00a0\u00a0Realization &#8211; Feature Film | Melhor Realiza\u00e7\u00e3o &#8211; Longa Metragem<\/strong><\/p>\n<ul>\n<li><strong>CARGA<\/strong>\u00a0| Bruno Gascon | Fic. | 113\u2019 | Portugal<\/li>\n<\/ul>\n<p><strong>Best\u00a0\u00a0Realization &#8211; Short Film | Melhor Realiza\u00e7\u00e3o &#8211; Curta Metragem<\/strong><\/p>\n<ul>\n<li><strong>UN CUENTO AL REV\u00c9S<\/strong>\u00a0| In\u00e9s Pintor Sierra e Pablo Santidri\u00e1n | Fic. | 13\u2019 | Espanha<\/li>\n<\/ul>\n<p><strong>Best Script\u00a0| Melhor Argumento<\/strong><\/p>\n<ul>\n<li><strong>5 CIGARRILHAS<\/strong>\u00a0| Passos Zamith | Fic. | 14\u2019 | Portugal<\/li>\n<\/ul>\n<p><strong>Best Photography\u00a0| Melhor Fotografia<\/strong><\/p>\n<ul>\n<li><strong>ENTRE SOMBRAS<\/strong>\u00a0| Alice Guimar\u00e3es e M\u00f3nica Santos | Ani. | 13\u2019 | Portugal &#8211; Fran\u00e7a<\/li>\n<\/ul>\n<p><strong>Best Edition\u00a0| Melhor Edi\u00e7\u00e3o<\/strong><\/p>\n<ul>\n<li><strong>UNE NUIT<\/strong>\u00a0| Guillaume Caramelle | Fic. | 2\u2019 | Fran\u00e7a<\/li>\n<\/ul>\n<p><strong>Best Representation\u00a0| Melhor\u00a0\u00a0representa\u00e7\u00e3o<\/strong><\/p>\n<ul>\n<li><strong>TRIVIAL<\/strong>\u00a0| Fran Mechon | Fic. | 14\u2019 | Espanha \u00a0(Macarena Gom\u00e9z)<\/li>\n<\/ul>\n<p><strong>Best Sound | Melhor Som<\/strong><\/p>\n<ul>\n<li><b>SAMIA<\/b> | Rafael Vasconcelos | Ani. | 4\u2019 | Brasil<\/li>\n<\/ul>\n<p><strong>Best Film Public Vote\u00a0| Melhor filme do p\u00fablico<\/strong><\/p>\n<ul>\n<li><strong>AT\u00c9 QUE O PORNO NOS SEPARE<\/strong>\u00a0| Jorge Pelicano | Doc. | 89\u2019 | Portugal<\/li>\n<\/ul>\n<p><strong>Special Mention |\u00a0Men\u00e7\u00e3o honrosa | Representa\u00e7\u00e3o<\/strong><\/p>\n<ul>\n<li><strong>A FLORESTA DAS ALMAS PERDIDAS<\/strong>\u00a0| Jos\u00e9 Pedro Lopes | Fic\u00e7\u00e3o | 71\u2019 | Portugal<\/li>\n<\/ul>","protected":false},"excerpt":{"rendered":"<p>Vencedores 17\u00ba Arouca Film Festival |\u00a0Winners 17th edition Arouca Film Festival Best Film Festival | Melhor Filme | LOUSA DE OURO | Gold Slate SOLDADO MILH\u00d5ES\u00a0| Gon\u00e7alo Galv\u00e3o Teles e Jorge Paix\u00e3o da Costa | Fic.| 85\u2019 | Portugal 2\u00ba \u00a0Best Film Festival| 2\u00ba Melhor Filme | LOUSA DE PRATA | Silver Slate ENTRE SOMBRAS\u00a0| Alice Guimar\u00e3es e M\u00f3nica Santos | Ani. | 13\u2019 | Fran\u00e7a &#8211; Portugal &nbsp; Best\u00a0Feature Film\u00a0|Melhor Filme Longa-Metragem SOLDADO MILH\u00d5ES\u00a0| Gon\u00e7alo Galv\u00e3o Teles e Jorge Paix\u00e3o da Costa | Fic.| 85\u2019 | Portugal Best\u00a0Short\u00a0Film\u00a0|Melhor Filme fic\u00e7\u00e3o ENTRE SOMBRAS\u00a0| Alice Guimar\u00e3es e M\u00f3nica Santos | Ani. | 13\u2019 | Fran\u00e7a &#8211; Portugal &nbsp; Best Feature Fiction Film\u00a0| Melhor filme de fic\u00e7\u00e3o &#8211; Longa-Metragem QUERO-TE TANTO\u00a0| Viventes Alves do \u00d3 | 103\u2019 | Portugal Best Short Fiction Film\u00a0| Melhor filme fic\u00e7\u00e3o -Curta_Metragem S\u00a0| Ilya Sherstobitov | 10\u2019 | Russia Best Documentary Film\u00a0| Melhor filme Document\u00e1rio LUPO\u00a0| Pedro Lino | Doc. | 75\u2019 | Portugal Best\u00a0\u00a0Animation Film\u00a0| Melhor filme anima\u00e7\u00e3o STUCK IN THE MIDDLE\u00a0| Denis Fleurion | Ani. | 6\u2019 | Fran\u00e7a Best Videoclip Film\u00a0| Melhor Videoclip ADAMASTOR &#8211; A Garota N\u00e3o\u00a0| Pedro Estev\u00e3o Semedo | VideoClip | 4\u2019 | Portugal Best\u00a0\u00a0Experimental Film\u00a0| Melhor filme experimental STATUE\u00a0| Zhan Danelyan | Exp. | 4\u2019 | Russia Best\u00a0\u00a0Realization &#8211; Feature Film | Melhor Realiza\u00e7\u00e3o &#8211; Longa Metragem CARGA\u00a0| Bruno Gascon | Fic. | 113\u2019 | Portugal Best\u00a0\u00a0Realization &#8211; Short Film | Melhor Realiza\u00e7\u00e3o &#8211; Curta Metragem UN CUENTO AL REV\u00c9S\u00a0| In\u00e9s Pintor Sierra e Pablo Santidri\u00e1n | Fic. | 13\u2019 | Espanha Best Script\u00a0| Melhor Argumento 5 CIGARRILHAS\u00a0| Passos Zamith | Fic. | 14\u2019 | Portugal Best Photography\u00a0| Melhor Fotografia ENTRE SOMBRAS\u00a0| Alice Guimar\u00e3es e M\u00f3nica Santos | Ani. | 13\u2019 | Portugal &#8211; Fran\u00e7a Best Edition\u00a0| Melhor Edi\u00e7\u00e3o UNE NUIT\u00a0| Guillaume Caramelle | Fic. | 2\u2019 | Fran\u00e7a Best Representation\u00a0| Melhor\u00a0\u00a0representa\u00e7\u00e3o TRIVIAL\u00a0| Fran Mechon | Fic. | 14\u2019 | Espanha \u00a0(Macarena Gom\u00e9z) Best Sound | Melhor Som SAMIA | Rafael Vasconcelos | Ani. | 4\u2019 | Brasil Best Film Public Vote\u00a0| Melhor filme do p\u00fablico AT\u00c9 QUE O PORNO NOS SEPARE\u00a0| Jorge Pelicano | Doc. | 89\u2019 | Portugal Special Mention |\u00a0Men\u00e7\u00e3o honrosa | Representa\u00e7\u00e3o A FLORESTA DAS ALMAS PERDIDAS\u00a0| Jos\u00e9 Pedro Lopes | Fic\u00e7\u00e3o | 71\u2019 | Portugal<\/p>","protected":false},"author":4,"featured_media":0,"comment_status":"closed","ping_status":"open","sticky":false,"template":"","format":"standard","meta":{"zakra_page_container_layout":"customizer","zakra_page_sidebar_layout":"customizer","zakra_remove_content_margin":false,"zakra_sidebar":"customizer","zakra_transparent_header":"customizer","zakra_logo":0,"zakra_main_header_style":"default","zakra_menu_item_color":"","zakra_menu_item_hover_color":"","zakra_menu_item_active_color":"","zakra_menu_active_style":"","zakra_page_header":true,"footnotes":""},"categories":[16],"tags":[],"class_list":["post-1939","post","type-post","status-publish","format-standard","hentry","category-sem-categoria"],"yoast_head":"<!-- This site is optimized with the Yoast SEO plugin v27.2 - https:\/\/yoast.com\/product\/yoast-seo-wordpress\/ -->\n<title>Premiados | Winners - Arouca Film Festival<\/title>\n<meta name=\"description\" content=\"Vencedores 17\u00ba Arouca Film Festival |\u00a0Winners 17th edition Arouca Film Festival Best Film Festival | Melhor Filme | LOUSA DE OURO | Gold Slate SOLDADO\" \/>\n<meta name=\"robots\" content=\"index, follow, max-snippet:-1, max-image-preview:large, max-video-preview:-1\" \/>\n<link rel=\"canonical\" href=\"https:\/\/aroucafilmfestival.com\/en\/premiados-winners-4\/\" \/>\n<meta property=\"og:locale\" content=\"en_GB\" \/>\n<meta property=\"og:type\" content=\"article\" \/>\n<meta property=\"og:title\" content=\"Premiados | Winners - Arouca Film Festival\" \/>\n<meta property=\"og:description\" content=\"Vencedores 17\u00ba Arouca Film Festival |\u00a0Winners 17th edition Arouca Film Festival Best Film Festival | Melhor Filme | LOUSA DE OURO | Gold Slate SOLDADO\" \/>\n<meta property=\"og:url\" content=\"https:\/\/aroucafilmfestival.com\/en\/premiados-winners-4\/\" \/>\n<meta property=\"og:site_name\" content=\"Arouca Film Festival\" \/>\n<meta property=\"article:publisher\" content=\"https:\/\/www.facebook.com\/aroucafilmfestival\" \/>\n<meta property=\"article:published_time\" content=\"2019-09-16T11:43:26+00:00\" \/>\n<meta property=\"og:image\" content=\"http:\/\/blogues.arouca.biz\/aroucafilmfestival\/wp-content\/uploads\/sites\/4\/2019\/09\/Soldado-Milhoes-1024x277.jpg\" \/>\n<meta name=\"author\" content=\"Arouca Film Festival\" \/>\n<meta name=\"twitter:card\" content=\"summary_large_image\" \/>\n<meta name=\"twitter:label1\" content=\"Written by\" \/>\n\t<meta name=\"twitter:data1\" content=\"Arouca Film Festival\" \/>\n\t<meta name=\"twitter:label2\" content=\"Estimated reading time\" \/>\n\t<meta name=\"twitter:data2\" content=\"2 minutes\" \/>\n<script type=\"application\/ld+json\" class=\"yoast-schema-graph\">{\"@context\":\"https:\/\/schema.org\",\"@graph\":[{\"@type\":\"Article\",\"@id\":\"https:\/\/aroucafilmfestival.com\/premiados-winners-4\/#article\",\"isPartOf\":{\"@id\":\"https:\/\/aroucafilmfestival.com\/premiados-winners-4\/\"},\"author\":{\"name\":\"Arouca Film Festival\",\"@id\":\"https:\/\/aroucafilmfestival.com\/#\/schema\/person\/567c7b93627dffd5382b9569851b2188\"},\"headline\":\"Premiados | Winners\",\"datePublished\":\"2019-09-16T11:43:26+00:00\",\"mainEntityOfPage\":{\"@id\":\"https:\/\/aroucafilmfestival.com\/premiados-winners-4\/\"},\"wordCount\":334,\"publisher\":{\"@id\":\"https:\/\/aroucafilmfestival.com\/#organization\"},\"image\":{\"@id\":\"https:\/\/aroucafilmfestival.com\/premiados-winners-4\/#primaryimage\"},\"thumbnailUrl\":\"http:\/\/blogues.arouca.biz\/aroucafilmfestival\/wp-content\/uploads\/sites\/4\/2019\/09\/Soldado-Milhoes-1024x277.jpg\",\"articleSection\":[\"Sem categoria\"],\"inLanguage\":\"en-GB\"},{\"@type\":\"WebPage\",\"@id\":\"https:\/\/aroucafilmfestival.com\/premiados-winners-4\/\",\"url\":\"https:\/\/aroucafilmfestival.com\/premiados-winners-4\/\",\"name\":\"Premiados | Winners - Arouca Film Festival\",\"isPartOf\":{\"@id\":\"https:\/\/aroucafilmfestival.com\/#website\"},\"primaryImageOfPage\":{\"@id\":\"https:\/\/aroucafilmfestival.com\/premiados-winners-4\/#primaryimage\"},\"image\":{\"@id\":\"https:\/\/aroucafilmfestival.com\/premiados-winners-4\/#primaryimage\"},\"thumbnailUrl\":\"http:\/\/blogues.arouca.biz\/aroucafilmfestival\/wp-content\/uploads\/sites\/4\/2019\/09\/Soldado-Milhoes-1024x277.jpg\",\"datePublished\":\"2019-09-16T11:43:26+00:00\",\"description\":\"Vencedores 17\u00ba Arouca Film Festival |\u00a0Winners 17th edition Arouca Film Festival Best Film Festival | Melhor Filme | LOUSA DE OURO | Gold Slate SOLDADO\",\"breadcrumb\":{\"@id\":\"https:\/\/aroucafilmfestival.com\/premiados-winners-4\/#breadcrumb\"},\"inLanguage\":\"en-GB\",\"potentialAction\":[{\"@type\":\"ReadAction\",\"target\":[\"https:\/\/aroucafilmfestival.com\/premiados-winners-4\/\"]}]},{\"@type\":\"ImageObject\",\"inLanguage\":\"en-GB\",\"@id\":\"https:\/\/aroucafilmfestival.com\/premiados-winners-4\/#primaryimage\",\"url\":\"http:\/\/blogues.arouca.biz\/aroucafilmfestival\/wp-content\/uploads\/sites\/4\/2019\/09\/Soldado-Milhoes-1024x277.jpg\",\"contentUrl\":\"http:\/\/blogues.arouca.biz\/aroucafilmfestival\/wp-content\/uploads\/sites\/4\/2019\/09\/Soldado-Milhoes-1024x277.jpg\"},{\"@type\":\"BreadcrumbList\",\"@id\":\"https:\/\/aroucafilmfestival.com\/premiados-winners-4\/#breadcrumb\",\"itemListElement\":[{\"@type\":\"ListItem\",\"position\":1,\"name\":\"In\u00edcio\",\"item\":\"https:\/\/aroucafilmfestival.com\/\"},{\"@type\":\"ListItem\",\"position\":2,\"name\":\"Premiados | Winners\"}]},{\"@type\":\"WebSite\",\"@id\":\"https:\/\/aroucafilmfestival.com\/#website\",\"url\":\"https:\/\/aroucafilmfestival.com\/\",\"name\":\"Arouca Film Festival\",\"description\":\"Portuguese Internacional Film Festival\",\"publisher\":{\"@id\":\"https:\/\/aroucafilmfestival.com\/#organization\"},\"potentialAction\":[{\"@type\":\"SearchAction\",\"target\":{\"@type\":\"EntryPoint\",\"urlTemplate\":\"https:\/\/aroucafilmfestival.com\/?s={search_term_string}\"},\"query-input\":{\"@type\":\"PropertyValueSpecification\",\"valueRequired\":true,\"valueName\":\"search_term_string\"}}],\"inLanguage\":\"en-GB\"},{\"@type\":\"Organization\",\"@id\":\"https:\/\/aroucafilmfestival.com\/#organization\",\"name\":\"Arouca Film Festival\",\"alternateName\":\"AFF\",\"url\":\"https:\/\/aroucafilmfestival.com\/\",\"logo\":{\"@type\":\"ImageObject\",\"inLanguage\":\"en-GB\",\"@id\":\"https:\/\/aroucafilmfestival.com\/#\/schema\/logo\/image\/\",\"url\":\"https:\/\/aroucafilmfestival.com\/wp-content\/uploads\/2021\/09\/TelaLIT_AFF_2021_3-scaled-e1631835841735.jpg\",\"contentUrl\":\"https:\/\/aroucafilmfestival.com\/wp-content\/uploads\/2021\/09\/TelaLIT_AFF_2021_3-scaled-e1631835841735.jpg\",\"width\":2560,\"height\":889,\"caption\":\"Arouca Film Festival\"},\"image\":{\"@id\":\"https:\/\/aroucafilmfestival.com\/#\/schema\/logo\/image\/\"},\"sameAs\":[\"https:\/\/www.facebook.com\/aroucafilmfestival\",\"https:\/\/www.instagram.com\/aroucafilmfestival_portugal\/\"]},{\"@type\":\"Person\",\"@id\":\"https:\/\/aroucafilmfestival.com\/#\/schema\/person\/567c7b93627dffd5382b9569851b2188\",\"name\":\"Arouca Film Festival\",\"image\":{\"@type\":\"ImageObject\",\"inLanguage\":\"en-GB\",\"@id\":\"https:\/\/secure.gravatar.com\/avatar\/485cf0a18451e6832e2b3a32472226f14f0e495e0ea571ee9498580288f0a2ed?s=96&d=blank&r=g\",\"url\":\"https:\/\/secure.gravatar.com\/avatar\/485cf0a18451e6832e2b3a32472226f14f0e495e0ea571ee9498580288f0a2ed?s=96&d=blank&r=g\",\"contentUrl\":\"https:\/\/secure.gravatar.com\/avatar\/485cf0a18451e6832e2b3a32472226f14f0e495e0ea571ee9498580288f0a2ed?s=96&d=blank&r=g\",\"caption\":\"Arouca Film Festival\"}}]}<\/script>\n<!-- \/ Yoast SEO plugin. -->","yoast_head_json":{"title":"Premiados | Winners - Arouca Film Festival","description":"Vencedores 17\u00ba Arouca Film Festival |\u00a0Winners 17th edition Arouca Film Festival Best Film Festival | Melhor Filme | LOUSA DE OURO | Gold Slate SOLDADO","robots":{"index":"index","follow":"follow","max-snippet":"max-snippet:-1","max-image-preview":"max-image-preview:large","max-video-preview":"max-video-preview:-1"},"canonical":"https:\/\/aroucafilmfestival.com\/en\/premiados-winners-4\/","og_locale":"en_GB","og_type":"article","og_title":"Premiados | Winners - Arouca Film Festival","og_description":"Vencedores 17\u00ba Arouca Film Festival |\u00a0Winners 17th edition Arouca Film Festival Best Film Festival | Melhor Filme | LOUSA DE OURO | Gold Slate SOLDADO","og_url":"https:\/\/aroucafilmfestival.com\/en\/premiados-winners-4\/","og_site_name":"Arouca Film Festival","article_publisher":"https:\/\/www.facebook.com\/aroucafilmfestival","article_published_time":"2019-09-16T11:43:26+00:00","og_image":[{"url":"http:\/\/blogues.arouca.biz\/aroucafilmfestival\/wp-content\/uploads\/sites\/4\/2019\/09\/Soldado-Milhoes-1024x277.jpg","type":"","width":"","height":""}],"author":"Arouca Film Festival","twitter_card":"summary_large_image","twitter_misc":{"Written by":"Arouca Film Festival","Estimated reading time":"2 minutes"},"schema":{"@context":"https:\/\/schema.org","@graph":[{"@type":"Article","@id":"https:\/\/aroucafilmfestival.com\/premiados-winners-4\/#article","isPartOf":{"@id":"https:\/\/aroucafilmfestival.com\/premiados-winners-4\/"},"author":{"name":"Arouca Film Festival","@id":"https:\/\/aroucafilmfestival.com\/#\/schema\/person\/567c7b93627dffd5382b9569851b2188"},"headline":"Premiados | Winners","datePublished":"2019-09-16T11:43:26+00:00","mainEntityOfPage":{"@id":"https:\/\/aroucafilmfestival.com\/premiados-winners-4\/"},"wordCount":334,"publisher":{"@id":"https:\/\/aroucafilmfestival.com\/#organization"},"image":{"@id":"https:\/\/aroucafilmfestival.com\/premiados-winners-4\/#primaryimage"},"thumbnailUrl":"http:\/\/blogues.arouca.biz\/aroucafilmfestival\/wp-content\/uploads\/sites\/4\/2019\/09\/Soldado-Milhoes-1024x277.jpg","articleSection":["Sem categoria"],"inLanguage":"en-GB"},{"@type":"WebPage","@id":"https:\/\/aroucafilmfestival.com\/premiados-winners-4\/","url":"https:\/\/aroucafilmfestival.com\/premiados-winners-4\/","name":"Premiados | Winners - Arouca Film Festival","isPartOf":{"@id":"https:\/\/aroucafilmfestival.com\/#website"},"primaryImageOfPage":{"@id":"https:\/\/aroucafilmfestival.com\/premiados-winners-4\/#primaryimage"},"image":{"@id":"https:\/\/aroucafilmfestival.com\/premiados-winners-4\/#primaryimage"},"thumbnailUrl":"http:\/\/blogues.arouca.biz\/aroucafilmfestival\/wp-content\/uploads\/sites\/4\/2019\/09\/Soldado-Milhoes-1024x277.jpg","datePublished":"2019-09-16T11:43:26+00:00","description":"Vencedores 17\u00ba Arouca Film Festival |\u00a0Winners 17th edition Arouca Film Festival Best Film Festival | Melhor Filme | LOUSA DE OURO | Gold Slate SOLDADO","breadcrumb":{"@id":"https:\/\/aroucafilmfestival.com\/premiados-winners-4\/#breadcrumb"},"inLanguage":"en-GB","potentialAction":[{"@type":"ReadAction","target":["https:\/\/aroucafilmfestival.com\/premiados-winners-4\/"]}]},{"@type":"ImageObject","inLanguage":"en-GB","@id":"https:\/\/aroucafilmfestival.com\/premiados-winners-4\/#primaryimage","url":"http:\/\/blogues.arouca.biz\/aroucafilmfestival\/wp-content\/uploads\/sites\/4\/2019\/09\/Soldado-Milhoes-1024x277.jpg","contentUrl":"http:\/\/blogues.arouca.biz\/aroucafilmfestival\/wp-content\/uploads\/sites\/4\/2019\/09\/Soldado-Milhoes-1024x277.jpg"},{"@type":"BreadcrumbList","@id":"https:\/\/aroucafilmfestival.com\/premiados-winners-4\/#breadcrumb","itemListElement":[{"@type":"ListItem","position":1,"name":"In\u00edcio","item":"https:\/\/aroucafilmfestival.com\/"},{"@type":"ListItem","position":2,"name":"Premiados | Winners"}]},{"@type":"WebSite","@id":"https:\/\/aroucafilmfestival.com\/#website","url":"https:\/\/aroucafilmfestival.com\/","name":"Arouca Film Festival","description":"Portuguese Internacional Film Festival","publisher":{"@id":"https:\/\/aroucafilmfestival.com\/#organization"},"potentialAction":[{"@type":"SearchAction","target":{"@type":"EntryPoint","urlTemplate":"https:\/\/aroucafilmfestival.com\/?s={search_term_string}"},"query-input":{"@type":"PropertyValueSpecification","valueRequired":true,"valueName":"search_term_string"}}],"inLanguage":"en-GB"},{"@type":"Organization","@id":"https:\/\/aroucafilmfestival.com\/#organization","name":"Arouca Film Festival","alternateName":"AFF","url":"https:\/\/aroucafilmfestival.com\/","logo":{"@type":"ImageObject","inLanguage":"en-GB","@id":"https:\/\/aroucafilmfestival.com\/#\/schema\/logo\/image\/","url":"https:\/\/aroucafilmfestival.com\/wp-content\/uploads\/2021\/09\/TelaLIT_AFF_2021_3-scaled-e1631835841735.jpg","contentUrl":"https:\/\/aroucafilmfestival.com\/wp-content\/uploads\/2021\/09\/TelaLIT_AFF_2021_3-scaled-e1631835841735.jpg","width":2560,"height":889,"caption":"Arouca Film Festival"},"image":{"@id":"https:\/\/aroucafilmfestival.com\/#\/schema\/logo\/image\/"},"sameAs":["https:\/\/www.facebook.com\/aroucafilmfestival","https:\/\/www.instagram.com\/aroucafilmfestival_portugal\/"]},{"@type":"Person","@id":"https:\/\/aroucafilmfestival.com\/#\/schema\/person\/567c7b93627dffd5382b9569851b2188","name":"Arouca Film Festival","image":{"@type":"ImageObject","inLanguage":"en-GB","@id":"https:\/\/secure.gravatar.com\/avatar\/485cf0a18451e6832e2b3a32472226f14f0e495e0ea571ee9498580288f0a2ed?s=96&d=blank&r=g","url":"https:\/\/secure.gravatar.com\/avatar\/485cf0a18451e6832e2b3a32472226f14f0e495e0ea571ee9498580288f0a2ed?s=96&d=blank&r=g","contentUrl":"https:\/\/secure.gravatar.com\/avatar\/485cf0a18451e6832e2b3a32472226f14f0e495e0ea571ee9498580288f0a2ed?s=96&d=blank&r=g","caption":"Arouca Film Festival"}}]}},"_links":{"self":[{"href":"https:\/\/aroucafilmfestival.com\/en\/wp-json\/wp\/v2\/posts\/1939","targetHints":{"allow":["GET"]}}],"collection":[{"href":"https:\/\/aroucafilmfestival.com\/en\/wp-json\/wp\/v2\/posts"}],"about":[{"href":"https:\/\/aroucafilmfestival.com\/en\/wp-json\/wp\/v2\/types\/post"}],"author":[{"embeddable":true,"href":"https:\/\/aroucafilmfestival.com\/en\/wp-json\/wp\/v2\/users\/4"}],"replies":[{"embeddable":true,"href":"https:\/\/aroucafilmfestival.com\/en\/wp-json\/wp\/v2\/comments?post=1939"}],"version-history":[{"count":0,"href":"https:\/\/aroucafilmfestival.com\/en\/wp-json\/wp\/v2\/posts\/1939\/revisions"}],"wp:attachment":[{"href":"https:\/\/aroucafilmfestival.com\/en\/wp-json\/wp\/v2\/media?parent=1939"}],"wp:term":[{"taxonomy":"category","embeddable":true,"href":"https:\/\/aroucafilmfestival.com\/en\/wp-json\/wp\/v2\/categories?post=1939"},{"taxonomy":"post_tag","embeddable":true,"href":"https:\/\/aroucafilmfestival.com\/en\/wp-json\/wp\/v2\/tags?post=1939"}],"curies":[{"name":"wp","href":"https:\/\/api.w.org\/{rel}","templated":true}]}}