{"id":2518,"date":"2021-08-09T17:23:55","date_gmt":"2021-08-09T17:23:55","guid":{"rendered":"https:\/\/aroucafilmfestival.com\/?p=2518"},"modified":"2021-08-10T13:24:58","modified_gmt":"2021-08-10T13:24:58","slug":"jury-of-the-2021-edition-of-the-arouca-film-festival-portugal","status":"publish","type":"post","link":"https:\/\/aroucafilmfestival.com\/en\/jury-of-the-2021-edition-of-the-arouca-film-festival-portugal\/","title":{"rendered":"Jury of the 2021 edition of the Arouca Film Festival \/ Portugal"},"content":{"rendered":"<h2 class=\"wp-block-heading\">Fernando Pinho<\/h2>\n\n\n\n<div class=\"wp-block-image\"><figure class=\"aligncenter size-large is-resized\"><img fetchpriority=\"high\" decoding=\"async\" src=\"https:\/\/aroucafilmfestival.com\/wp-content\/uploads\/2021\/08\/Juris-Individuais_AFF2021_3-824x1024.jpg\" alt=\"\" class=\"wp-image-2492\" width=\"618\" height=\"768\" srcset=\"https:\/\/aroucafilmfestival.com\/wp-content\/uploads\/2021\/08\/Juris-Individuais_AFF2021_3-824x1024.jpg 824w, https:\/\/aroucafilmfestival.com\/wp-content\/uploads\/2021\/08\/Juris-Individuais_AFF2021_3-241x300.jpg 241w, https:\/\/aroucafilmfestival.com\/wp-content\/uploads\/2021\/08\/Juris-Individuais_AFF2021_3-768x954.jpg 768w, https:\/\/aroucafilmfestival.com\/wp-content\/uploads\/2021\/08\/Juris-Individuais_AFF2021_3-1236x1536.jpg 1236w, https:\/\/aroucafilmfestival.com\/wp-content\/uploads\/2021\/08\/Juris-Individuais_AFF2021_3-1648x2048.jpg 1648w, https:\/\/aroucafilmfestival.com\/wp-content\/uploads\/2021\/08\/Juris-Individuais_AFF2021_3-10x12.jpg 10w\" sizes=\"(max-width: 618px) 100vw, 618px\" \/><\/figure><\/div>\n\n\n\n<p class=\"has-medium-font-size\">Produtor e encenador residente e m Cambridge, Reino Unido.&nbsp;Licenciado pela Guildhall School of Music &amp; Drama, Fernando estreou-se como produtor no Barbican Centre de Londres. Entre outros, a sua carreira inclui projetos na Royal Opera House e Royal Albert Hall tendo trabalhado com alguns dos maiores nomes do teatro e m\u00fasica dos quais se destacam Lilly James, Ant\u00f3nio Papano, Sir David Colins e Sir Jonathan Miller. Fernando inaugurou a Casa da Criatividade em S\u00e3o Jo\u00e3o Da Madeira em 2012 onde foi diretor art\u00edstico entre 2010 e 2013.<br>Fundador da organiza\u00e7\u00e3o n\u00e3o governamental Please Take Me There que at\u00e9 hoje j\u00e1 ajudou a salvar mais de 4,000 crian\u00e7as com cancro que vivem em pobreza extrema e sem aceso a tratamento oncol\u00f3gico. O seu trabalho humanit\u00e1rio tem sido destacado internacionalmente pela BBC e NBC.<br>Tamb\u00e9m convidado regularmente para apresentar o seu trabalho em confer\u00eancias internacionais se onde se destaca a apresenta\u00e7\u00e3o na sede do Facebook em S\u00e3o Francisco.&nbsp;| Portugal \/ Inglaterra<\/p>\n\n\n\n<blockquote class=\"wp-block-quote is-style-default is-layout-flow wp-block-quote-is-layout-flow\"><p>Based in Cambridge (UK), Pinho is both a producer and director who graduated in the Guildhall School of Music &amp; Drama. Fernando made his debut as a producer at the Barbican Center in London. Some of his most highlighted projects were carried out at the Royal Opera House and Royal Albert Hall. Furthermore, he has worked with some of the biggest names in theater and music, including Lilly James, Ant\u00f3nio Papano, Sir David Colins and Sir Jonathan Miller. Fernando Pinho launched the Casa da Criatividade in S\u00e3o Jo\u00e3o Da Madeira in 2012 where he worked as an artistic director from 2010 to 2013.<\/p><p>He is also the founder of the non-governmental organization Please Take Me There, which has helped more than 4,000 children with cancer so far, most of whom are living in extreme poverty and without access to cancer treatment. His humanitarian work has been highlighted internationally by the BBC and NBC. He is regularly invited to offer his work at international conferences where the presentation at the Facebook headquarters in San Francisco stands out. | Portugal \/ England<\/p><\/blockquote>\n\n\n\n<p><\/p>\n\n\n\n<hr class=\"wp-block-separator\"\/>\n\n\n\n<h2 class=\"wp-block-heading\">C\u00e9sar N\u00f3brega<\/h2>\n\n\n\n<div class=\"wp-block-image\"><figure class=\"aligncenter size-large\"><img decoding=\"async\" width=\"822\" height=\"1024\" src=\"https:\/\/aroucafilmfestival.com\/wp-content\/uploads\/2021\/08\/Juris-Individuais_AFF2021_7-822x1024.jpg\" alt=\"\" class=\"wp-image-2493\" srcset=\"https:\/\/aroucafilmfestival.com\/wp-content\/uploads\/2021\/08\/Juris-Individuais_AFF2021_7-822x1024.jpg 822w, https:\/\/aroucafilmfestival.com\/wp-content\/uploads\/2021\/08\/Juris-Individuais_AFF2021_7-241x300.jpg 241w, https:\/\/aroucafilmfestival.com\/wp-content\/uploads\/2021\/08\/Juris-Individuais_AFF2021_7-768x956.jpg 768w, https:\/\/aroucafilmfestival.com\/wp-content\/uploads\/2021\/08\/Juris-Individuais_AFF2021_7-1234x1536.jpg 1234w, https:\/\/aroucafilmfestival.com\/wp-content\/uploads\/2021\/08\/Juris-Individuais_AFF2021_7-1645x2048.jpg 1645w, https:\/\/aroucafilmfestival.com\/wp-content\/uploads\/2021\/08\/Juris-Individuais_AFF2021_7-10x12.jpg 10w\" sizes=\"(max-width: 822px) 100vw, 822px\" \/><\/figure><\/div>\n\n\n\n<p class=\"has-medium-font-size\">Jornalista profissional desde 1993. Trabalha na R\u00e1dio Nova \u2013 Porto. O cinema \u00e9 uma das suas paix\u00f5es. Foi programador e assessor do Fantasporto.&nbsp;| Portugal<\/p>\n\n\n\n<blockquote class=\"wp-block-quote is-style-default is-layout-flow wp-block-quote-is-layout-flow\"><p>Professional journalist since 1993. Works at R\u00e1dio Nova \u2013 Porto. Cinema is one of his passions. He was a programmer and advisor at Fantasporto. | Portugal<\/p><\/blockquote>\n\n\n\n<hr class=\"wp-block-separator\"\/>\n\n\n\n<h2 class=\"wp-block-heading\">Amy Clarke<\/h2>\n\n\n\n<div class=\"wp-block-image\"><figure class=\"aligncenter size-large\"><img decoding=\"async\" width=\"824\" height=\"1024\" src=\"https:\/\/aroucafilmfestival.com\/wp-content\/uploads\/2021\/08\/Juris-Individuais_AFF2021_9-824x1024.jpg\" alt=\"\" class=\"wp-image-2494\" srcset=\"https:\/\/aroucafilmfestival.com\/wp-content\/uploads\/2021\/08\/Juris-Individuais_AFF2021_9-824x1024.jpg 824w, https:\/\/aroucafilmfestival.com\/wp-content\/uploads\/2021\/08\/Juris-Individuais_AFF2021_9-241x300.jpg 241w, https:\/\/aroucafilmfestival.com\/wp-content\/uploads\/2021\/08\/Juris-Individuais_AFF2021_9-768x954.jpg 768w, https:\/\/aroucafilmfestival.com\/wp-content\/uploads\/2021\/08\/Juris-Individuais_AFF2021_9-1236x1536.jpg 1236w, https:\/\/aroucafilmfestival.com\/wp-content\/uploads\/2021\/08\/Juris-Individuais_AFF2021_9-1648x2048.jpg 1648w, https:\/\/aroucafilmfestival.com\/wp-content\/uploads\/2021\/08\/Juris-Individuais_AFF2021_9-10x12.jpg 10w\" sizes=\"(max-width: 824px) 100vw, 824px\" \/><\/figure><\/div>\n\n\n\n<p class=\"has-medium-font-size\">Amy Clarke \u00e9 argumentista, natural do Reino Unido, mas criada na Irlanda. Desde que concluiu o mestrado em Escrita de Argumentos na Goldsmiths University of London em 2018, escreveu e fez a sua primeira curta-metragem, Sequins, sobre um ambicioso adolescente em Blackpool dos anos 90 que busca ser uma drag queen.<br>Apresentado em 24 festivais em todo o mundo, incluindo o Festival de Cinema de Norwich (Reino Unido), o Festival de Cinema de Edmonton (Canad\u00e1) e o Festival de Cinema Inside Out LGBTQ + em Toronto, o filme recebeu tr\u00eas pr\u00eamios de Melhor Curta-Metragem e tamb\u00e9m uma s\u00e9rie de outras nomea\u00e7\u00f5es, incluindo Melhor Argumento. Foi incrivelmente bem recebido pela comunidade LGBTQ + e pelo p\u00fablico principal.<br>Escreveu tamb\u00e9m dois epis\u00f3dios da com\u00e9dia de bloqueio online Angry Quiz Guy (estrelada por Nick Helm), co-escreveu o piloto da com\u00e9dia dram\u00e1tica 28 Dates Later e \u00e9 co-argumentista de toda a temporada. Atualmente, escreve um argumento piloto para uma adapta\u00e7\u00e3o de Sequins para uma s\u00e9rie de TV. | Inglaterra<\/p>\n\n\n\n<blockquote class=\"wp-block-quote is-layout-flow wp-block-quote-is-layout-flow\"><p>Amy Clarke is a screenwriter originally from the UK but raised in Ireland. Since completing a master\u2019s degree in Scriptwriting at Goldsmiths University of London in 2018 she has gone on to write and make her debut short film, Sequins, following an ambitious teenager in 90\u2019s Blackpool who has his sights set on being a drag queen.<br>Playing at twenty-four festivals worldwide including BAFTA qualifying Norwich Film Festival (UK), Oscar qualifying Edmonton Film Festival (Canada), and the renowned Inside Out LGBTQ+ Film Festival in Toronto, the film has received three awards for Best Short Film as well as a number of other nominations including Best Screenplay. It has been incredibly well received by both the LGBTQ+ community and mainstream audiences.<br>She wrote two episodes of online lockdown comedy Angry Quiz Guy (starring Nick Helm), co-wrote the pilot for comedy-drama 28 Dates Later and is a co-writer for the whole season. She is currently writing a pilot script for a TV series adaptation of Sequins.&nbsp;|&nbsp;England<\/p><\/blockquote>\n\n\n\n<p><\/p>\n\n\n\n<hr class=\"wp-block-separator\"\/>\n\n\n\n<h2 class=\"wp-block-heading\">Fernando M. Pinho<\/h2>\n\n\n\n<div class=\"wp-block-image\"><figure class=\"aligncenter size-large\"><img loading=\"lazy\" decoding=\"async\" width=\"824\" height=\"1024\" src=\"https:\/\/aroucafilmfestival.com\/wp-content\/uploads\/2021\/08\/Juris-Individuais_AFF2021_8-824x1024.jpg\" alt=\"\" class=\"wp-image-2495\" srcset=\"https:\/\/aroucafilmfestival.com\/wp-content\/uploads\/2021\/08\/Juris-Individuais_AFF2021_8-824x1024.jpg 824w, https:\/\/aroucafilmfestival.com\/wp-content\/uploads\/2021\/08\/Juris-Individuais_AFF2021_8-241x300.jpg 241w, https:\/\/aroucafilmfestival.com\/wp-content\/uploads\/2021\/08\/Juris-Individuais_AFF2021_8-768x954.jpg 768w, https:\/\/aroucafilmfestival.com\/wp-content\/uploads\/2021\/08\/Juris-Individuais_AFF2021_8-1236x1536.jpg 1236w, https:\/\/aroucafilmfestival.com\/wp-content\/uploads\/2021\/08\/Juris-Individuais_AFF2021_8-1648x2048.jpg 1648w, https:\/\/aroucafilmfestival.com\/wp-content\/uploads\/2021\/08\/Juris-Individuais_AFF2021_8-10x12.jpg 10w\" sizes=\"(max-width: 824px) 100vw, 824px\" \/><\/figure><\/div>\n\n\n\n<p class=\"has-medium-font-size\">Fernando Pinho \u00e9&nbsp;desde 2007 membro do j\u00fari do&nbsp;Arouca Film Festival. Licenciado em Comunica\u00e7\u00e3o Social (especializa\u00e7\u00e3o em televis\u00e3o) e p\u00f3s-graduado em Direito da Comunica\u00e7\u00e3o,&nbsp;foi jornalista profissional durante cerca de 30 anos,&nbsp;mantendo&nbsp;colabora\u00e7\u00e3o em diferentes meios de informa\u00e7\u00e3o \u2013 como a Gazeta dos Desportos, O Com\u00e9rcio do Porto, Ag\u00eancia LUSA, Jornal \u201ci\u201d ou o Di\u00e1rio de Aveiro -,&nbsp;sendo atualmente&nbsp;consultor de comunica\u00e7\u00e3o.&nbsp;|&nbsp;Portugal<br>A Internet e o document\u00e1rio cinematogr\u00e1fico s\u00e3o outras das atividades a que se dedica. Na rede global, esteve na cria\u00e7\u00e3o da EDVI (Ag\u00eancia de Conte\u00fados Informativos do Entre Douro e Vouga), projeto pioneiro no&nbsp;pa\u00eds, enquadrado no Programa Cidades e Regi\u00f5es Digitais.&nbsp;Faz parte,&nbsp;com regularidade,&nbsp;do j\u00fari de festivais&nbsp;de cinema&nbsp;nacionais e internacionais. | Portugal<\/p>\n\n\n\n<blockquote class=\"wp-block-quote is-layout-flow wp-block-quote-is-layout-flow\"><p>Fernando Pinho has been a member of the jury of the Arouca Film Festival since 2007. With a degree in Social Communication (specialized in television) and a postgraduate degree in Communication Law, he has been a professional journalist for about 30 years. During all these years he has developed his skills in different media \u2013 such as Gazeta dos Sports, O Com\u00e9rcio do Porto, Ag\u00eancia LUSA, Jornal \u201ci\u201d or the Di\u00e1rio de Aveiro -, where he currently continues being a communication consultant. | Portugal<\/p><p>The Internet and cinematographic documentary are some of the other activities he has been dedicated to. In the global network, he has been involved in the creation of EDVI (Entre Douro e Vouga Information Content Agency), a pioneering project in the country, as part of the Digital Cities and Regions Program. Moreover, he is a juror for both national and international film festivals. | Portugal<\/p><\/blockquote>\n\n\n\n<p><\/p>\n\n\n\n<hr class=\"wp-block-separator\"\/>\n\n\n\n<h2 class=\"wp-block-heading\">Michael Beddoes<\/h2>\n\n\n\n<div class=\"wp-block-image\"><figure class=\"aligncenter size-large\"><img loading=\"lazy\" decoding=\"async\" width=\"822\" height=\"1024\" src=\"https:\/\/aroucafilmfestival.com\/wp-content\/uploads\/2021\/08\/Juris-Individuais_AFF2021_5-822x1024.jpg\" alt=\"\" class=\"wp-image-2499\" srcset=\"https:\/\/aroucafilmfestival.com\/wp-content\/uploads\/2021\/08\/Juris-Individuais_AFF2021_5-822x1024.jpg 822w, https:\/\/aroucafilmfestival.com\/wp-content\/uploads\/2021\/08\/Juris-Individuais_AFF2021_5-241x300.jpg 241w, https:\/\/aroucafilmfestival.com\/wp-content\/uploads\/2021\/08\/Juris-Individuais_AFF2021_5-768x956.jpg 768w, https:\/\/aroucafilmfestival.com\/wp-content\/uploads\/2021\/08\/Juris-Individuais_AFF2021_5-1234x1536.jpg 1234w, https:\/\/aroucafilmfestival.com\/wp-content\/uploads\/2021\/08\/Juris-Individuais_AFF2021_5-1645x2048.jpg 1645w, https:\/\/aroucafilmfestival.com\/wp-content\/uploads\/2021\/08\/Juris-Individuais_AFF2021_5-10x12.jpg 10w\" sizes=\"(max-width: 822px) 100vw, 822px\" \/><\/figure><\/div>\n\n\n\n<p class=\"has-medium-font-size\">Michael Beddoes \u00e9 um escritor, realizador e produtor sediado em Londres, Reino Unido. Depois de receber sele\u00e7\u00f5es e indica\u00e7\u00f5es por seu trabalho de produ\u00e7\u00e3o em festivais de qualifica\u00e7\u00e3o para os Oscar e BAFTA, como SXSW, Aesthetica e os Hamptons, passou a escrever e realizar.<br>Como escritor e realizador, atualmente tem uma s\u00e9rie de projetos em desenvolvimento com diferentes emissoras de TV no Reino Unido e nos Estados Unidos. \u00c9 representado por Christina Pickworth na Imagine Talent. | Inglaterra<\/p>\n\n\n\n<blockquote class=\"wp-block-quote is-layout-flow wp-block-quote-is-layout-flow\"><p>Michael Beddoes is a writer, director and producer based in London, UK. After picking up selections and nominations for his producing work at Oscar and BAFTA qualifying festivals such as SXSW, Aesthetica and the Hamptons, he moved across into writing and directing.<br>As a writer and director he currently has a number of projects in-development with different TV broadcasters both in the UK and the US. He is represented by Christina Pickworth at Imagine Talent.&nbsp;|&nbsp;England<\/p><\/blockquote>\n\n\n\n<hr class=\"wp-block-separator\"\/>\n\n\n\n<p><\/p>\n\n\n\n<h2 class=\"wp-block-heading\">In\u00eas Marques<\/h2>\n\n\n\n<div class=\"wp-block-image\"><figure class=\"aligncenter size-large\"><img loading=\"lazy\" decoding=\"async\" width=\"823\" height=\"1024\" src=\"https:\/\/aroucafilmfestival.com\/wp-content\/uploads\/2021\/08\/Juris-Individuais_AFF2021_4-823x1024.jpg\" alt=\"\" class=\"wp-image-2500\" srcset=\"https:\/\/aroucafilmfestival.com\/wp-content\/uploads\/2021\/08\/Juris-Individuais_AFF2021_4-823x1024.jpg 823w, https:\/\/aroucafilmfestival.com\/wp-content\/uploads\/2021\/08\/Juris-Individuais_AFF2021_4-241x300.jpg 241w, https:\/\/aroucafilmfestival.com\/wp-content\/uploads\/2021\/08\/Juris-Individuais_AFF2021_4-768x955.jpg 768w, https:\/\/aroucafilmfestival.com\/wp-content\/uploads\/2021\/08\/Juris-Individuais_AFF2021_4-1235x1536.jpg 1235w, https:\/\/aroucafilmfestival.com\/wp-content\/uploads\/2021\/08\/Juris-Individuais_AFF2021_4-1647x2048.jpg 1647w, https:\/\/aroucafilmfestival.com\/wp-content\/uploads\/2021\/08\/Juris-Individuais_AFF2021_4-10x12.jpg 10w\" sizes=\"(max-width: 823px) 100vw, 823px\" \/><\/figure><\/div>\n\n\n\n<p class=\"has-medium-font-size\">In\u00eas Marques \u00e9 formada em artes, em Cinema &amp; V\u00eddeo pela Universidade ESAP, Porto.<br>Trabalhou como Produtora de Televis\u00e3o e acumulou um portef\u00f3lio diversificado de Produ\u00e7\u00f5es Televisivas premiadas e colaborou com diversas Institui\u00e7\u00f5es na difus\u00e3o do Cinema Portugu\u00eas. Trabalha como freelance em Leicester, Reino Unido e tem v\u00e1rios projetos em desenvolvimento com diferentes organiza\u00e7\u00f5es em Portugal e no Reino Unido. | Portugal \/ Inglaterra<\/p>\n\n\n\n<blockquote class=\"wp-block-quote is-layout-flow wp-block-quote-is-layout-flow\"><p>Ines Marques is graduated in Arts (Hons) in Cinema &amp; Video from ESAP University, Porto.<br>Worked as a TV Producer and it amassed a diverse portfolio of award-winning and long-running Television Productions and&nbsp;collaborated with different Institutions in the diffusion of Portuguese Cinema.&nbsp;Is working as freelance in Leicester, UK and has several projects in-development with different organizations both in Portugal and UK.<br>| Portugal \/ England<\/p><\/blockquote>\n\n\n\n<hr class=\"wp-block-separator\"\/>\n\n\n\n<h2 class=\"wp-block-heading\">Jos\u00e9 Miranda<\/h2>\n\n\n\n<div class=\"wp-block-image\"><figure class=\"aligncenter size-large\"><img loading=\"lazy\" decoding=\"async\" width=\"824\" height=\"1024\" src=\"https:\/\/aroucafilmfestival.com\/wp-content\/uploads\/2021\/08\/Juris-Individuais_AFF2021_6-824x1024.jpg\" alt=\"\" class=\"wp-image-2501\" srcset=\"https:\/\/aroucafilmfestival.com\/wp-content\/uploads\/2021\/08\/Juris-Individuais_AFF2021_6-824x1024.jpg 824w, https:\/\/aroucafilmfestival.com\/wp-content\/uploads\/2021\/08\/Juris-Individuais_AFF2021_6-242x300.jpg 242w, https:\/\/aroucafilmfestival.com\/wp-content\/uploads\/2021\/08\/Juris-Individuais_AFF2021_6-768x954.jpg 768w, https:\/\/aroucafilmfestival.com\/wp-content\/uploads\/2021\/08\/Juris-Individuais_AFF2021_6-1237x1536.jpg 1237w, https:\/\/aroucafilmfestival.com\/wp-content\/uploads\/2021\/08\/Juris-Individuais_AFF2021_6-1649x2048.jpg 1649w, https:\/\/aroucafilmfestival.com\/wp-content\/uploads\/2021\/08\/Juris-Individuais_AFF2021_6-10x12.jpg 10w\" sizes=\"(max-width: 824px) 100vw, 824px\" \/><\/figure><\/div>\n\n\n\n<p class=\"has-medium-font-size\">Fundador e gestor de v\u00e1rias empresas de produ\u00e7\u00e3o de filmes e publicidade. Produtor Executivo e autor de in\u00fameras produ\u00e7\u00f5es. Atualmente reside em Inglaterra e \u00e9 consultor de produ\u00e7\u00e3o de filmes de Publicidade e conte\u00fados para Televis\u00e3o, Internet e Mobile. Fundador da Isotope Watches. | Portugal \/ Inglaterra<\/p>\n\n\n\n<blockquote class=\"wp-block-quote is-layout-flow wp-block-quote-is-layout-flow\"><p>Founder and manager of several film productions and advertising companies. Executive producer and author of numerous productions. He currently resides in England and he is a consultant in the production of advertising films and content for Television, Internet and Mobile. Founder of Isotope Watches. | Portugal \/ England<\/p><\/blockquote>\n\n\n\n<hr class=\"wp-block-separator\"\/>\n\n\n\n<h2 class=\"wp-block-heading\" id=\"block-832c6bf0-68b7-43e1-bfd3-b0c6ce571bb8\">Hugo Nicolau Cal\u00e7ada<\/h2>\n\n\n\n<div class=\"wp-block-image\"><figure class=\"aligncenter size-large\"><img loading=\"lazy\" decoding=\"async\" width=\"822\" height=\"1024\" src=\"https:\/\/aroucafilmfestival.com\/wp-content\/uploads\/2021\/08\/Juris-Individuais_AFF2021_1-822x1024.jpg\" alt=\"\" class=\"wp-image-2502\" srcset=\"https:\/\/aroucafilmfestival.com\/wp-content\/uploads\/2021\/08\/Juris-Individuais_AFF2021_1-822x1024.jpg 822w, https:\/\/aroucafilmfestival.com\/wp-content\/uploads\/2021\/08\/Juris-Individuais_AFF2021_1-241x300.jpg 241w, https:\/\/aroucafilmfestival.com\/wp-content\/uploads\/2021\/08\/Juris-Individuais_AFF2021_1-768x956.jpg 768w, https:\/\/aroucafilmfestival.com\/wp-content\/uploads\/2021\/08\/Juris-Individuais_AFF2021_1-1234x1536.jpg 1234w, https:\/\/aroucafilmfestival.com\/wp-content\/uploads\/2021\/08\/Juris-Individuais_AFF2021_1-1645x2048.jpg 1645w, https:\/\/aroucafilmfestival.com\/wp-content\/uploads\/2021\/08\/Juris-Individuais_AFF2021_1-10x12.jpg 10w\" sizes=\"(max-width: 822px) 100vw, 822px\" \/><\/figure><\/div>\n\n\n\n<p class=\"has-medium-font-size\">Hugo Nicolau Cal\u00e7ada Natural de Arouca, licenciado em Jornalismo, acabou por trabalhar como fotojornalista em jornais e revistas nacionais, e depois como freelancer. Mais tarde embarcou na aventura do cinema, fez o seu primeiro filme em 2001. Estudou interpreta\u00e7\u00e3o em Nova Iorque, Porto e Londres (onde residiu nos \u00faltimos anos). \u00c9 actor profissional desde 2010. | Portugal \/ Inglaterra<\/p>\n\n\n\n<blockquote class=\"wp-block-quote is-layout-flow wp-block-quote-is-layout-flow\"><p>From Arouca, after doing a degree in Media, he ended up working as photojournalist in several national newspapers and magazines. Later on, he started his cinema odyssey in 2001. He studied acting in New York, Porto and London (where he lived in the last decade). He\u2019s professional actor since 2010. | Portugal \/ England<\/p><\/blockquote>\n\n\n\n<hr class=\"wp-block-separator\"\/>\n\n\n\n<h2 class=\"wp-block-heading\" id=\"block-832c6bf0-68b7-43e1-bfd3-b0c6ce571bb8\">Lu\u00eds Fardilha<\/h2>\n\n\n\n<div class=\"wp-block-image\"><figure class=\"aligncenter size-large\"><img loading=\"lazy\" decoding=\"async\" width=\"824\" height=\"1024\" src=\"https:\/\/aroucafilmfestival.com\/wp-content\/uploads\/2021\/08\/Juris-Individuais_AFF2021_2-824x1024.jpg\" alt=\"\" class=\"wp-image-2503\" srcset=\"https:\/\/aroucafilmfestival.com\/wp-content\/uploads\/2021\/08\/Juris-Individuais_AFF2021_2-824x1024.jpg 824w, https:\/\/aroucafilmfestival.com\/wp-content\/uploads\/2021\/08\/Juris-Individuais_AFF2021_2-241x300.jpg 241w, https:\/\/aroucafilmfestival.com\/wp-content\/uploads\/2021\/08\/Juris-Individuais_AFF2021_2-768x954.jpg 768w, https:\/\/aroucafilmfestival.com\/wp-content\/uploads\/2021\/08\/Juris-Individuais_AFF2021_2-1236x1536.jpg 1236w, https:\/\/aroucafilmfestival.com\/wp-content\/uploads\/2021\/08\/Juris-Individuais_AFF2021_2-1648x2048.jpg 1648w, https:\/\/aroucafilmfestival.com\/wp-content\/uploads\/2021\/08\/Juris-Individuais_AFF2021_2-10x12.jpg 10w\" sizes=\"(max-width: 824px) 100vw, 824px\" \/><\/figure><\/div>\n\n\n\n<p class=\"has-medium-font-size\">T\u00e9cnico e representante regional do IPDJ de Aveiro e estudioso da \u00e1rea do cinema e audiovisual.&nbsp;Orador e participante em v\u00e1rios festivais de cinema |&nbsp;Portugal<\/p>\n\n\n\n<blockquote class=\"wp-block-quote is-layout-flow wp-block-quote-is-layout-flow\"><p>Technician and regional representative of the IPDJ of Aveiro and scholar in the field of cinema and audiovisual. Speaker and participant in several film festivals | Portugal<\/p><\/blockquote>\n\n\n\n<p><\/p>","protected":false},"excerpt":{"rendered":"<p>Jurados Edi\u00e7\u00e3o 2021 Arouca Film Festival:<br \/>\nFernando Pinho, C\u00e9sar N\u00f3brega, Amy Clarke, Fernando M. Pinho, Michael Beddoes, In\u00eas Marques, Jos\u00e9 Miranda, Hugo Nicolau Cal\u00e7ada e Lu\u00eds Fardilha<\/p>","protected":false},"author":7,"featured_media":2514,"comment_status":"closed","ping_status":"open","sticky":false,"template":"","format":"standard","meta":{"zakra_page_container_layout":"customizer","zakra_page_sidebar_layout":"customizer","zakra_remove_content_margin":false,"zakra_sidebar":"customizer","zakra_transparent_header":"customizer","zakra_logo":0,"zakra_main_header_style":"default","zakra_menu_item_color":"","zakra_menu_item_hover_color":"","zakra_menu_item_active_color":"","zakra_menu_active_style":"","zakra_page_header":true,"footnotes":""},"categories":[49,10],"tags":[54,21,53,55,52,59,57,58,56,61],"class_list":["post-2518","post","type-post","status-publish","format-standard","has-post-thumbnail","hentry","category-arouca-film-festival-2021","category-festival2021","tag-amy-clarke","tag-arouca-film-festival","tag-cesar-nobrega","tag-fernando-m-pinho","tag-fernando-pinho","tag-hugo-nicolau-calcada","tag-ines-marques","tag-jose-miranda","tag-michael-beddoes","tag-portugal"],"yoast_head":"<!-- This site is optimized with the Yoast SEO plugin v27.2 - https:\/\/yoast.com\/product\/yoast-seo-wordpress\/ -->\n<title>Jury of the 2021 edition of the Arouca Film Festival \/ Portugal - Arouca Film Festival<\/title>\n<meta name=\"description\" content=\"Jurados Edi\u00e7\u00e3o 2021 Arouca Film Festival: Fernando Pinho, C\u00e9sar N\u00f3brega, Amy Clarke, Fernando M. Pinho, Michael Beddoes, In\u00eas Marques, Jos\u00e9 Miranda, Hugo Nicolau Cal\u00e7ada e Lu\u00eds Fardilha\" \/>\n<meta name=\"robots\" content=\"index, follow, max-snippet:-1, max-image-preview:large, max-video-preview:-1\" \/>\n<link rel=\"canonical\" href=\"https:\/\/aroucafilmfestival.com\/en\/jury-of-the-2021-edition-of-the-arouca-film-festival-portugal\/\" \/>\n<meta property=\"og:locale\" content=\"en_GB\" \/>\n<meta property=\"og:type\" content=\"article\" \/>\n<meta property=\"og:title\" content=\"Jury of the 2021 edition of the Arouca Film Festival \/ Portugal - Arouca Film Festival\" \/>\n<meta property=\"og:description\" content=\"Jurados Edi\u00e7\u00e3o 2021 Arouca Film Festival: Fernando Pinho, C\u00e9sar N\u00f3brega, Amy Clarke, Fernando M. Pinho, Michael Beddoes, In\u00eas Marques, Jos\u00e9 Miranda, Hugo Nicolau Cal\u00e7ada e Lu\u00eds Fardilha\" \/>\n<meta property=\"og:url\" content=\"https:\/\/aroucafilmfestival.com\/en\/jury-of-the-2021-edition-of-the-arouca-film-festival-portugal\/\" \/>\n<meta property=\"og:site_name\" content=\"Arouca Film Festival\" \/>\n<meta property=\"article:publisher\" content=\"https:\/\/www.facebook.com\/aroucafilmfestival\" \/>\n<meta property=\"article:published_time\" content=\"2021-08-09T17:23:55+00:00\" \/>\n<meta property=\"article:modified_time\" content=\"2021-08-10T13:24:58+00:00\" \/>\n<meta property=\"og:image\" content=\"https:\/\/aroucafilmfestival.com\/wp-content\/uploads\/2021\/08\/Juris-AFF-Todos-2021-1-scaled.jpg\" \/>\n\t<meta property=\"og:image:width\" content=\"2560\" \/>\n\t<meta property=\"og:image:height\" content=\"1000\" \/>\n\t<meta property=\"og:image:type\" content=\"image\/jpeg\" \/>\n<meta name=\"author\" content=\"Carlos Pinho\" \/>\n<meta name=\"twitter:card\" content=\"summary_large_image\" \/>\n<meta name=\"twitter:label1\" content=\"Written by\" \/>\n\t<meta name=\"twitter:data1\" content=\"Carlos Pinho\" \/>\n\t<meta name=\"twitter:label2\" content=\"Estimated reading time\" \/>\n\t<meta name=\"twitter:data2\" content=\"8 minutes\" \/>\n<script type=\"application\/ld+json\" class=\"yoast-schema-graph\">{\"@context\":\"https:\/\/schema.org\",\"@graph\":[{\"@type\":\"Article\",\"@id\":\"https:\/\/aroucafilmfestival.com\/en\/jury-of-the-2021-edition-of-the-arouca-film-festival-portugal\/#article\",\"isPartOf\":{\"@id\":\"https:\/\/aroucafilmfestival.com\/en\/jury-of-the-2021-edition-of-the-arouca-film-festival-portugal\/\"},\"author\":{\"name\":\"Carlos Pinho\",\"@id\":\"https:\/\/aroucafilmfestival.com\/#\/schema\/person\/a3903a8270640c61796cb6643d71d606\"},\"headline\":\"Jury of the 2021 edition of the Arouca Film Festival \/ Portugal\",\"datePublished\":\"2021-08-09T17:23:55+00:00\",\"dateModified\":\"2021-08-10T13:24:58+00:00\",\"mainEntityOfPage\":{\"@id\":\"https:\/\/aroucafilmfestival.com\/en\/jury-of-the-2021-edition-of-the-arouca-film-festival-portugal\/\"},\"wordCount\":1621,\"publisher\":{\"@id\":\"https:\/\/aroucafilmfestival.com\/#organization\"},\"image\":{\"@id\":\"https:\/\/aroucafilmfestival.com\/en\/jury-of-the-2021-edition-of-the-arouca-film-festival-portugal\/#primaryimage\"},\"thumbnailUrl\":\"https:\/\/aroucafilmfestival.com\/wp-content\/uploads\/2021\/08\/Juris-AFF-Todos-2021-1-scaled.jpg\",\"keywords\":[\"Amy Clarke\",\"Arouca Film Festival\",\"C\u00e9sar N\u00f3brega\",\"Fernando M. Pinho\",\"Fernando Pinho\",\"Hugo Nicolau Cal\u00e7ada\",\"In\u00eas Marques\",\"Jos\u00e9 Miranda\",\"Michael Beddoes\",\"Portugal\"],\"articleSection\":[\"Arouca Film Festival 2021\",\"Festival 2021\"],\"inLanguage\":\"en-GB\"},{\"@type\":\"WebPage\",\"@id\":\"https:\/\/aroucafilmfestival.com\/en\/jury-of-the-2021-edition-of-the-arouca-film-festival-portugal\/\",\"url\":\"https:\/\/aroucafilmfestival.com\/en\/jury-of-the-2021-edition-of-the-arouca-film-festival-portugal\/\",\"name\":\"Jury of the 2021 edition of the Arouca Film Festival \/ Portugal - Arouca Film Festival\",\"isPartOf\":{\"@id\":\"https:\/\/aroucafilmfestival.com\/#website\"},\"primaryImageOfPage\":{\"@id\":\"https:\/\/aroucafilmfestival.com\/en\/jury-of-the-2021-edition-of-the-arouca-film-festival-portugal\/#primaryimage\"},\"image\":{\"@id\":\"https:\/\/aroucafilmfestival.com\/en\/jury-of-the-2021-edition-of-the-arouca-film-festival-portugal\/#primaryimage\"},\"thumbnailUrl\":\"https:\/\/aroucafilmfestival.com\/wp-content\/uploads\/2021\/08\/Juris-AFF-Todos-2021-1-scaled.jpg\",\"datePublished\":\"2021-08-09T17:23:55+00:00\",\"dateModified\":\"2021-08-10T13:24:58+00:00\",\"description\":\"Jurados Edi\u00e7\u00e3o 2021 Arouca Film Festival: Fernando Pinho, C\u00e9sar N\u00f3brega, Amy Clarke, Fernando M. Pinho, Michael Beddoes, In\u00eas Marques, Jos\u00e9 Miranda, Hugo Nicolau Cal\u00e7ada e Lu\u00eds Fardilha\",\"breadcrumb\":{\"@id\":\"https:\/\/aroucafilmfestival.com\/en\/jury-of-the-2021-edition-of-the-arouca-film-festival-portugal\/#breadcrumb\"},\"inLanguage\":\"en-GB\",\"potentialAction\":[{\"@type\":\"ReadAction\",\"target\":[\"https:\/\/aroucafilmfestival.com\/en\/jury-of-the-2021-edition-of-the-arouca-film-festival-portugal\/\"]}]},{\"@type\":\"ImageObject\",\"inLanguage\":\"en-GB\",\"@id\":\"https:\/\/aroucafilmfestival.com\/en\/jury-of-the-2021-edition-of-the-arouca-film-festival-portugal\/#primaryimage\",\"url\":\"https:\/\/aroucafilmfestival.com\/wp-content\/uploads\/2021\/08\/Juris-AFF-Todos-2021-1-scaled.jpg\",\"contentUrl\":\"https:\/\/aroucafilmfestival.com\/wp-content\/uploads\/2021\/08\/Juris-AFF-Todos-2021-1-scaled.jpg\",\"width\":2560,\"height\":1000,\"caption\":\"J\u00fari Arouca Film Festival 2021\"},{\"@type\":\"BreadcrumbList\",\"@id\":\"https:\/\/aroucafilmfestival.com\/en\/jury-of-the-2021-edition-of-the-arouca-film-festival-portugal\/#breadcrumb\",\"itemListElement\":[{\"@type\":\"ListItem\",\"position\":1,\"name\":\"In\u00edcio\",\"item\":\"https:\/\/aroucafilmfestival.com\/\"},{\"@type\":\"ListItem\",\"position\":2,\"name\":\"Jury of the 2021 edition of the Arouca Film Festival \/ Portugal\"}]},{\"@type\":\"WebSite\",\"@id\":\"https:\/\/aroucafilmfestival.com\/#website\",\"url\":\"https:\/\/aroucafilmfestival.com\/\",\"name\":\"Arouca Film Festival\",\"description\":\"Portuguese Internacional Film Festival\",\"publisher\":{\"@id\":\"https:\/\/aroucafilmfestival.com\/#organization\"},\"potentialAction\":[{\"@type\":\"SearchAction\",\"target\":{\"@type\":\"EntryPoint\",\"urlTemplate\":\"https:\/\/aroucafilmfestival.com\/?s={search_term_string}\"},\"query-input\":{\"@type\":\"PropertyValueSpecification\",\"valueRequired\":true,\"valueName\":\"search_term_string\"}}],\"inLanguage\":\"en-GB\"},{\"@type\":\"Organization\",\"@id\":\"https:\/\/aroucafilmfestival.com\/#organization\",\"name\":\"Arouca Film Festival\",\"alternateName\":\"AFF\",\"url\":\"https:\/\/aroucafilmfestival.com\/\",\"logo\":{\"@type\":\"ImageObject\",\"inLanguage\":\"en-GB\",\"@id\":\"https:\/\/aroucafilmfestival.com\/#\/schema\/logo\/image\/\",\"url\":\"https:\/\/aroucafilmfestival.com\/wp-content\/uploads\/2021\/09\/TelaLIT_AFF_2021_3-scaled-e1631835841735.jpg\",\"contentUrl\":\"https:\/\/aroucafilmfestival.com\/wp-content\/uploads\/2021\/09\/TelaLIT_AFF_2021_3-scaled-e1631835841735.jpg\",\"width\":2560,\"height\":889,\"caption\":\"Arouca Film Festival\"},\"image\":{\"@id\":\"https:\/\/aroucafilmfestival.com\/#\/schema\/logo\/image\/\"},\"sameAs\":[\"https:\/\/www.facebook.com\/aroucafilmfestival\",\"https:\/\/www.instagram.com\/aroucafilmfestival_portugal\/\"]},{\"@type\":\"Person\",\"@id\":\"https:\/\/aroucafilmfestival.com\/#\/schema\/person\/a3903a8270640c61796cb6643d71d606\",\"name\":\"Carlos Pinho\",\"image\":{\"@type\":\"ImageObject\",\"inLanguage\":\"en-GB\",\"@id\":\"https:\/\/secure.gravatar.com\/avatar\/f5b4e4005139b4bef027274b1df13d49d77cfa7e55056db60a9b4fed3808e150?s=96&d=blank&r=g\",\"url\":\"https:\/\/secure.gravatar.com\/avatar\/f5b4e4005139b4bef027274b1df13d49d77cfa7e55056db60a9b4fed3808e150?s=96&d=blank&r=g\",\"contentUrl\":\"https:\/\/secure.gravatar.com\/avatar\/f5b4e4005139b4bef027274b1df13d49d77cfa7e55056db60a9b4fed3808e150?s=96&d=blank&r=g\",\"caption\":\"Carlos Pinho\"},\"sameAs\":[\"http:\/\/carlospinho.pt\"]}]}<\/script>\n<!-- \/ Yoast SEO plugin. -->","yoast_head_json":{"title":"Jury of the 2021 edition of the Arouca Film Festival \/ Portugal - Arouca Film Festival","description":"Jurados Edi\u00e7\u00e3o 2021 Arouca Film Festival: Fernando Pinho, C\u00e9sar N\u00f3brega, Amy Clarke, Fernando M. Pinho, Michael Beddoes, In\u00eas Marques, Jos\u00e9 Miranda, Hugo Nicolau Cal\u00e7ada e Lu\u00eds Fardilha","robots":{"index":"index","follow":"follow","max-snippet":"max-snippet:-1","max-image-preview":"max-image-preview:large","max-video-preview":"max-video-preview:-1"},"canonical":"https:\/\/aroucafilmfestival.com\/en\/jury-of-the-2021-edition-of-the-arouca-film-festival-portugal\/","og_locale":"en_GB","og_type":"article","og_title":"Jury of the 2021 edition of the Arouca Film Festival \/ Portugal - Arouca Film Festival","og_description":"Jurados Edi\u00e7\u00e3o 2021 Arouca Film Festival: Fernando Pinho, C\u00e9sar N\u00f3brega, Amy Clarke, Fernando M. Pinho, Michael Beddoes, In\u00eas Marques, Jos\u00e9 Miranda, Hugo Nicolau Cal\u00e7ada e Lu\u00eds Fardilha","og_url":"https:\/\/aroucafilmfestival.com\/en\/jury-of-the-2021-edition-of-the-arouca-film-festival-portugal\/","og_site_name":"Arouca Film Festival","article_publisher":"https:\/\/www.facebook.com\/aroucafilmfestival","article_published_time":"2021-08-09T17:23:55+00:00","article_modified_time":"2021-08-10T13:24:58+00:00","og_image":[{"width":2560,"height":1000,"url":"https:\/\/aroucafilmfestival.com\/wp-content\/uploads\/2021\/08\/Juris-AFF-Todos-2021-1-scaled.jpg","type":"image\/jpeg"}],"author":"Carlos Pinho","twitter_card":"summary_large_image","twitter_misc":{"Written by":"Carlos Pinho","Estimated reading time":"8 minutes"},"schema":{"@context":"https:\/\/schema.org","@graph":[{"@type":"Article","@id":"https:\/\/aroucafilmfestival.com\/en\/jury-of-the-2021-edition-of-the-arouca-film-festival-portugal\/#article","isPartOf":{"@id":"https:\/\/aroucafilmfestival.com\/en\/jury-of-the-2021-edition-of-the-arouca-film-festival-portugal\/"},"author":{"name":"Carlos Pinho","@id":"https:\/\/aroucafilmfestival.com\/#\/schema\/person\/a3903a8270640c61796cb6643d71d606"},"headline":"Jury of the 2021 edition of the Arouca Film Festival \/ Portugal","datePublished":"2021-08-09T17:23:55+00:00","dateModified":"2021-08-10T13:24:58+00:00","mainEntityOfPage":{"@id":"https:\/\/aroucafilmfestival.com\/en\/jury-of-the-2021-edition-of-the-arouca-film-festival-portugal\/"},"wordCount":1621,"publisher":{"@id":"https:\/\/aroucafilmfestival.com\/#organization"},"image":{"@id":"https:\/\/aroucafilmfestival.com\/en\/jury-of-the-2021-edition-of-the-arouca-film-festival-portugal\/#primaryimage"},"thumbnailUrl":"https:\/\/aroucafilmfestival.com\/wp-content\/uploads\/2021\/08\/Juris-AFF-Todos-2021-1-scaled.jpg","keywords":["Amy Clarke","Arouca Film Festival","C\u00e9sar N\u00f3brega","Fernando M. Pinho","Fernando Pinho","Hugo Nicolau Cal\u00e7ada","In\u00eas Marques","Jos\u00e9 Miranda","Michael Beddoes","Portugal"],"articleSection":["Arouca Film Festival 2021","Festival 2021"],"inLanguage":"en-GB"},{"@type":"WebPage","@id":"https:\/\/aroucafilmfestival.com\/en\/jury-of-the-2021-edition-of-the-arouca-film-festival-portugal\/","url":"https:\/\/aroucafilmfestival.com\/en\/jury-of-the-2021-edition-of-the-arouca-film-festival-portugal\/","name":"Jury of the 2021 edition of the Arouca Film Festival \/ Portugal - Arouca Film Festival","isPartOf":{"@id":"https:\/\/aroucafilmfestival.com\/#website"},"primaryImageOfPage":{"@id":"https:\/\/aroucafilmfestival.com\/en\/jury-of-the-2021-edition-of-the-arouca-film-festival-portugal\/#primaryimage"},"image":{"@id":"https:\/\/aroucafilmfestival.com\/en\/jury-of-the-2021-edition-of-the-arouca-film-festival-portugal\/#primaryimage"},"thumbnailUrl":"https:\/\/aroucafilmfestival.com\/wp-content\/uploads\/2021\/08\/Juris-AFF-Todos-2021-1-scaled.jpg","datePublished":"2021-08-09T17:23:55+00:00","dateModified":"2021-08-10T13:24:58+00:00","description":"Jurados Edi\u00e7\u00e3o 2021 Arouca Film Festival: Fernando Pinho, C\u00e9sar N\u00f3brega, Amy Clarke, Fernando M. Pinho, Michael Beddoes, In\u00eas Marques, Jos\u00e9 Miranda, Hugo Nicolau Cal\u00e7ada e Lu\u00eds Fardilha","breadcrumb":{"@id":"https:\/\/aroucafilmfestival.com\/en\/jury-of-the-2021-edition-of-the-arouca-film-festival-portugal\/#breadcrumb"},"inLanguage":"en-GB","potentialAction":[{"@type":"ReadAction","target":["https:\/\/aroucafilmfestival.com\/en\/jury-of-the-2021-edition-of-the-arouca-film-festival-portugal\/"]}]},{"@type":"ImageObject","inLanguage":"en-GB","@id":"https:\/\/aroucafilmfestival.com\/en\/jury-of-the-2021-edition-of-the-arouca-film-festival-portugal\/#primaryimage","url":"https:\/\/aroucafilmfestival.com\/wp-content\/uploads\/2021\/08\/Juris-AFF-Todos-2021-1-scaled.jpg","contentUrl":"https:\/\/aroucafilmfestival.com\/wp-content\/uploads\/2021\/08\/Juris-AFF-Todos-2021-1-scaled.jpg","width":2560,"height":1000,"caption":"J\u00fari Arouca Film Festival 2021"},{"@type":"BreadcrumbList","@id":"https:\/\/aroucafilmfestival.com\/en\/jury-of-the-2021-edition-of-the-arouca-film-festival-portugal\/#breadcrumb","itemListElement":[{"@type":"ListItem","position":1,"name":"In\u00edcio","item":"https:\/\/aroucafilmfestival.com\/"},{"@type":"ListItem","position":2,"name":"Jury of the 2021 edition of the Arouca Film Festival \/ Portugal"}]},{"@type":"WebSite","@id":"https:\/\/aroucafilmfestival.com\/#website","url":"https:\/\/aroucafilmfestival.com\/","name":"Arouca Film Festival","description":"Portuguese Internacional Film Festival","publisher":{"@id":"https:\/\/aroucafilmfestival.com\/#organization"},"potentialAction":[{"@type":"SearchAction","target":{"@type":"EntryPoint","urlTemplate":"https:\/\/aroucafilmfestival.com\/?s={search_term_string}"},"query-input":{"@type":"PropertyValueSpecification","valueRequired":true,"valueName":"search_term_string"}}],"inLanguage":"en-GB"},{"@type":"Organization","@id":"https:\/\/aroucafilmfestival.com\/#organization","name":"Arouca Film Festival","alternateName":"AFF","url":"https:\/\/aroucafilmfestival.com\/","logo":{"@type":"ImageObject","inLanguage":"en-GB","@id":"https:\/\/aroucafilmfestival.com\/#\/schema\/logo\/image\/","url":"https:\/\/aroucafilmfestival.com\/wp-content\/uploads\/2021\/09\/TelaLIT_AFF_2021_3-scaled-e1631835841735.jpg","contentUrl":"https:\/\/aroucafilmfestival.com\/wp-content\/uploads\/2021\/09\/TelaLIT_AFF_2021_3-scaled-e1631835841735.jpg","width":2560,"height":889,"caption":"Arouca Film Festival"},"image":{"@id":"https:\/\/aroucafilmfestival.com\/#\/schema\/logo\/image\/"},"sameAs":["https:\/\/www.facebook.com\/aroucafilmfestival","https:\/\/www.instagram.com\/aroucafilmfestival_portugal\/"]},{"@type":"Person","@id":"https:\/\/aroucafilmfestival.com\/#\/schema\/person\/a3903a8270640c61796cb6643d71d606","name":"Carlos Pinho","image":{"@type":"ImageObject","inLanguage":"en-GB","@id":"https:\/\/secure.gravatar.com\/avatar\/f5b4e4005139b4bef027274b1df13d49d77cfa7e55056db60a9b4fed3808e150?s=96&d=blank&r=g","url":"https:\/\/secure.gravatar.com\/avatar\/f5b4e4005139b4bef027274b1df13d49d77cfa7e55056db60a9b4fed3808e150?s=96&d=blank&r=g","contentUrl":"https:\/\/secure.gravatar.com\/avatar\/f5b4e4005139b4bef027274b1df13d49d77cfa7e55056db60a9b4fed3808e150?s=96&d=blank&r=g","caption":"Carlos Pinho"},"sameAs":["http:\/\/carlospinho.pt"]}]}},"_links":{"self":[{"href":"https:\/\/aroucafilmfestival.com\/en\/wp-json\/wp\/v2\/posts\/2518","targetHints":{"allow":["GET"]}}],"collection":[{"href":"https:\/\/aroucafilmfestival.com\/en\/wp-json\/wp\/v2\/posts"}],"about":[{"href":"https:\/\/aroucafilmfestival.com\/en\/wp-json\/wp\/v2\/types\/post"}],"author":[{"embeddable":true,"href":"https:\/\/aroucafilmfestival.com\/en\/wp-json\/wp\/v2\/users\/7"}],"replies":[{"embeddable":true,"href":"https:\/\/aroucafilmfestival.com\/en\/wp-json\/wp\/v2\/comments?post=2518"}],"version-history":[{"count":0,"href":"https:\/\/aroucafilmfestival.com\/en\/wp-json\/wp\/v2\/posts\/2518\/revisions"}],"wp:featuredmedia":[{"embeddable":true,"href":"https:\/\/aroucafilmfestival.com\/en\/wp-json\/wp\/v2\/media\/2514"}],"wp:attachment":[{"href":"https:\/\/aroucafilmfestival.com\/en\/wp-json\/wp\/v2\/media?parent=2518"}],"wp:term":[{"taxonomy":"category","embeddable":true,"href":"https:\/\/aroucafilmfestival.com\/en\/wp-json\/wp\/v2\/categories?post=2518"},{"taxonomy":"post_tag","embeddable":true,"href":"https:\/\/aroucafilmfestival.com\/en\/wp-json\/wp\/v2\/tags?post=2518"}],"curies":[{"name":"wp","href":"https:\/\/api.w.org\/{rel}","templated":true}]}}