{"id":2711,"date":"2021-08-10T13:16:08","date_gmt":"2021-08-10T13:16:08","guid":{"rendered":"https:\/\/aroucafilmfestival.com\/?p=2711"},"modified":"2021-08-10T14:03:06","modified_gmt":"2021-08-10T14:03:06","slug":"artigo-diario-de-aveiro","status":"publish","type":"post","link":"https:\/\/aroucafilmfestival.com\/en\/artigo-diario-de-aveiro\/","title":{"rendered":"Artigo Di\u00e1rio de Aveiro"},"content":{"rendered":"<p>Registo da Edi\u00e7\u00e3o 2021 no Di\u00e1rio de Aveiro<\/p>\n\n\n\n<div class=\"wp-block-image\"><figure class=\"aligncenter size-full\"><img fetchpriority=\"high\" decoding=\"async\" width=\"1026\" height=\"2560\" src=\"https:\/\/aroucafilmfestival.com\/wp-content\/uploads\/2021\/08\/Diario-Aveiro-AFF-2021-scaled.jpg\" alt=\"\" class=\"wp-image-2712\" srcset=\"https:\/\/aroucafilmfestival.com\/wp-content\/uploads\/2021\/08\/Diario-Aveiro-AFF-2021-scaled.jpg 1026w, https:\/\/aroucafilmfestival.com\/wp-content\/uploads\/2021\/08\/Diario-Aveiro-AFF-2021-120x300.jpg 120w, https:\/\/aroucafilmfestival.com\/wp-content\/uploads\/2021\/08\/Diario-Aveiro-AFF-2021-410x1024.jpg 410w, https:\/\/aroucafilmfestival.com\/wp-content\/uploads\/2021\/08\/Diario-Aveiro-AFF-2021-768x1917.jpg 768w, https:\/\/aroucafilmfestival.com\/wp-content\/uploads\/2021\/08\/Diario-Aveiro-AFF-2021-615x1536.jpg 615w, https:\/\/aroucafilmfestival.com\/wp-content\/uploads\/2021\/08\/Diario-Aveiro-AFF-2021-5x12.jpg 5w\" sizes=\"(max-width: 1026px) 100vw, 1026px\" \/><\/figure><\/div>\n\n\n\n<p>Visite: <a href=\"https:\/\/www.diarioaveiro.pt\/noticia\/73143\" target=\"_blank\" rel=\"noreferrer noopener\">https:\/\/www.diarioaveiro.pt\/noticia\/73143<\/a><\/p>","protected":false},"excerpt":{"rendered":"<p>Registo da Edi\u00e7\u00e3o 2021 no Di\u00e1rio de Aveiro<\/p>","protected":false},"author":7,"featured_media":2716,"comment_status":"closed","ping_status":"open","sticky":false,"template":"","format":"standard","meta":{"zakra_page_container_layout":"customizer","zakra_page_sidebar_layout":"customizer","zakra_remove_content_margin":false,"zakra_sidebar":"customizer","zakra_transparent_header":"customizer","zakra_logo":0,"zakra_main_header_style":"default","zakra_menu_item_color":"","zakra_menu_item_hover_color":"","zakra_menu_item_active_color":"","zakra_menu_active_style":"","zakra_page_header":true,"footnotes":""},"categories":[49,10],"tags":[62,63,38],"class_list":["post-2711","post","type-post","status-publish","format-standard","has-post-thumbnail","hentry","category-arouca-film-festival-2021","category-festival2021","tag-arouca","tag-aveiro","tag-cinema"],"yoast_head":"<!-- This site is optimized with the Yoast SEO plugin v27.2 - https:\/\/yoast.com\/product\/yoast-seo-wordpress\/ -->\n<title>Artigo Di\u00e1rio de Aveiro - Arouca Film Festival<\/title>\n<meta name=\"description\" content=\"Registo da Edi\u00e7\u00e3o 2021 no Di\u00e1rio de Aveiro\" \/>\n<meta name=\"robots\" content=\"index, follow, max-snippet:-1, max-image-preview:large, max-video-preview:-1\" \/>\n<link rel=\"canonical\" href=\"https:\/\/aroucafilmfestival.com\/en\/artigo-diario-de-aveiro\/\" \/>\n<meta property=\"og:locale\" content=\"en_GB\" \/>\n<meta property=\"og:type\" content=\"article\" \/>\n<meta property=\"og:title\" content=\"Artigo Di\u00e1rio de Aveiro - Arouca Film Festival\" \/>\n<meta property=\"og:description\" content=\"Registo da Edi\u00e7\u00e3o 2021 no Di\u00e1rio de Aveiro\" \/>\n<meta property=\"og:url\" content=\"https:\/\/aroucafilmfestival.com\/en\/artigo-diario-de-aveiro\/\" \/>\n<meta property=\"og:site_name\" content=\"Arouca Film Festival\" \/>\n<meta property=\"article:publisher\" content=\"https:\/\/www.facebook.com\/aroucafilmfestival\" \/>\n<meta property=\"article:published_time\" content=\"2021-08-10T13:16:08+00:00\" \/>\n<meta property=\"article:modified_time\" content=\"2021-08-10T14:03:06+00:00\" \/>\n<meta property=\"og:image\" content=\"https:\/\/aroucafilmfestival.com\/wp-content\/uploads\/2021\/08\/profile_banners_4556057415_1519812665_1500x500.jpg\" \/>\n\t<meta property=\"og:image:width\" content=\"1500\" \/>\n\t<meta property=\"og:image:height\" content=\"500\" \/>\n\t<meta property=\"og:image:type\" content=\"image\/jpeg\" \/>\n<meta name=\"author\" content=\"Carlos Pinho\" \/>\n<meta name=\"twitter:card\" content=\"summary_large_image\" \/>\n<meta name=\"twitter:label1\" content=\"Written by\" \/>\n\t<meta name=\"twitter:data1\" content=\"Carlos Pinho\" \/>\n<script type=\"application\/ld+json\" class=\"yoast-schema-graph\">{\"@context\":\"https:\/\/schema.org\",\"@graph\":[{\"@type\":\"Article\",\"@id\":\"https:\/\/aroucafilmfestival.com\/en\/artigo-diario-de-aveiro\/#article\",\"isPartOf\":{\"@id\":\"https:\/\/aroucafilmfestival.com\/en\/artigo-diario-de-aveiro\/\"},\"author\":{\"name\":\"Carlos Pinho\",\"@id\":\"https:\/\/aroucafilmfestival.com\/#\/schema\/person\/a3903a8270640c61796cb6643d71d606\"},\"headline\":\"Artigo Di\u00e1rio de Aveiro\",\"datePublished\":\"2021-08-10T13:16:08+00:00\",\"dateModified\":\"2021-08-10T14:03:06+00:00\",\"mainEntityOfPage\":{\"@id\":\"https:\/\/aroucafilmfestival.com\/en\/artigo-diario-de-aveiro\/\"},\"wordCount\":20,\"publisher\":{\"@id\":\"https:\/\/aroucafilmfestival.com\/#organization\"},\"image\":{\"@id\":\"https:\/\/aroucafilmfestival.com\/en\/artigo-diario-de-aveiro\/#primaryimage\"},\"thumbnailUrl\":\"https:\/\/aroucafilmfestival.com\/wp-content\/uploads\/2021\/08\/profile_banners_4556057415_1519812665_1500x500.jpg\",\"keywords\":[\"arouca\",\"aveiro\",\"Cinema\"],\"articleSection\":[\"Arouca Film Festival 2021\",\"Festival 2021\"],\"inLanguage\":\"en-GB\"},{\"@type\":\"WebPage\",\"@id\":\"https:\/\/aroucafilmfestival.com\/en\/artigo-diario-de-aveiro\/\",\"url\":\"https:\/\/aroucafilmfestival.com\/en\/artigo-diario-de-aveiro\/\",\"name\":\"Artigo Di\u00e1rio de Aveiro - Arouca Film Festival\",\"isPartOf\":{\"@id\":\"https:\/\/aroucafilmfestival.com\/#website\"},\"primaryImageOfPage\":{\"@id\":\"https:\/\/aroucafilmfestival.com\/en\/artigo-diario-de-aveiro\/#primaryimage\"},\"image\":{\"@id\":\"https:\/\/aroucafilmfestival.com\/en\/artigo-diario-de-aveiro\/#primaryimage\"},\"thumbnailUrl\":\"https:\/\/aroucafilmfestival.com\/wp-content\/uploads\/2021\/08\/profile_banners_4556057415_1519812665_1500x500.jpg\",\"datePublished\":\"2021-08-10T13:16:08+00:00\",\"dateModified\":\"2021-08-10T14:03:06+00:00\",\"description\":\"Registo da Edi\u00e7\u00e3o 2021 no Di\u00e1rio de Aveiro\",\"breadcrumb\":{\"@id\":\"https:\/\/aroucafilmfestival.com\/en\/artigo-diario-de-aveiro\/#breadcrumb\"},\"inLanguage\":\"en-GB\",\"potentialAction\":[{\"@type\":\"ReadAction\",\"target\":[\"https:\/\/aroucafilmfestival.com\/en\/artigo-diario-de-aveiro\/\"]}]},{\"@type\":\"ImageObject\",\"inLanguage\":\"en-GB\",\"@id\":\"https:\/\/aroucafilmfestival.com\/en\/artigo-diario-de-aveiro\/#primaryimage\",\"url\":\"https:\/\/aroucafilmfestival.com\/wp-content\/uploads\/2021\/08\/profile_banners_4556057415_1519812665_1500x500.jpg\",\"contentUrl\":\"https:\/\/aroucafilmfestival.com\/wp-content\/uploads\/2021\/08\/profile_banners_4556057415_1519812665_1500x500.jpg\",\"width\":1500,\"height\":500},{\"@type\":\"BreadcrumbList\",\"@id\":\"https:\/\/aroucafilmfestival.com\/en\/artigo-diario-de-aveiro\/#breadcrumb\",\"itemListElement\":[{\"@type\":\"ListItem\",\"position\":1,\"name\":\"In\u00edcio\",\"item\":\"https:\/\/aroucafilmfestival.com\/\"},{\"@type\":\"ListItem\",\"position\":2,\"name\":\"Artigo Di\u00e1rio de Aveiro\"}]},{\"@type\":\"WebSite\",\"@id\":\"https:\/\/aroucafilmfestival.com\/#website\",\"url\":\"https:\/\/aroucafilmfestival.com\/\",\"name\":\"Arouca Film Festival\",\"description\":\"Portuguese Internacional Film Festival\",\"publisher\":{\"@id\":\"https:\/\/aroucafilmfestival.com\/#organization\"},\"potentialAction\":[{\"@type\":\"SearchAction\",\"target\":{\"@type\":\"EntryPoint\",\"urlTemplate\":\"https:\/\/aroucafilmfestival.com\/?s={search_term_string}\"},\"query-input\":{\"@type\":\"PropertyValueSpecification\",\"valueRequired\":true,\"valueName\":\"search_term_string\"}}],\"inLanguage\":\"en-GB\"},{\"@type\":\"Organization\",\"@id\":\"https:\/\/aroucafilmfestival.com\/#organization\",\"name\":\"Arouca Film Festival\",\"alternateName\":\"AFF\",\"url\":\"https:\/\/aroucafilmfestival.com\/\",\"logo\":{\"@type\":\"ImageObject\",\"inLanguage\":\"en-GB\",\"@id\":\"https:\/\/aroucafilmfestival.com\/#\/schema\/logo\/image\/\",\"url\":\"https:\/\/aroucafilmfestival.com\/wp-content\/uploads\/2021\/09\/TelaLIT_AFF_2021_3-scaled-e1631835841735.jpg\",\"contentUrl\":\"https:\/\/aroucafilmfestival.com\/wp-content\/uploads\/2021\/09\/TelaLIT_AFF_2021_3-scaled-e1631835841735.jpg\",\"width\":2560,\"height\":889,\"caption\":\"Arouca Film Festival\"},\"image\":{\"@id\":\"https:\/\/aroucafilmfestival.com\/#\/schema\/logo\/image\/\"},\"sameAs\":[\"https:\/\/www.facebook.com\/aroucafilmfestival\",\"https:\/\/www.instagram.com\/aroucafilmfestival_portugal\/\"]},{\"@type\":\"Person\",\"@id\":\"https:\/\/aroucafilmfestival.com\/#\/schema\/person\/a3903a8270640c61796cb6643d71d606\",\"name\":\"Carlos Pinho\",\"image\":{\"@type\":\"ImageObject\",\"inLanguage\":\"en-GB\",\"@id\":\"https:\/\/secure.gravatar.com\/avatar\/f5b4e4005139b4bef027274b1df13d49d77cfa7e55056db60a9b4fed3808e150?s=96&d=blank&r=g\",\"url\":\"https:\/\/secure.gravatar.com\/avatar\/f5b4e4005139b4bef027274b1df13d49d77cfa7e55056db60a9b4fed3808e150?s=96&d=blank&r=g\",\"contentUrl\":\"https:\/\/secure.gravatar.com\/avatar\/f5b4e4005139b4bef027274b1df13d49d77cfa7e55056db60a9b4fed3808e150?s=96&d=blank&r=g\",\"caption\":\"Carlos Pinho\"},\"sameAs\":[\"http:\/\/carlospinho.pt\"]}]}<\/script>\n<!-- \/ Yoast SEO plugin. -->","yoast_head_json":{"title":"Artigo Di\u00e1rio de Aveiro - Arouca Film Festival","description":"Registo da Edi\u00e7\u00e3o 2021 no Di\u00e1rio de Aveiro","robots":{"index":"index","follow":"follow","max-snippet":"max-snippet:-1","max-image-preview":"max-image-preview:large","max-video-preview":"max-video-preview:-1"},"canonical":"https:\/\/aroucafilmfestival.com\/en\/artigo-diario-de-aveiro\/","og_locale":"en_GB","og_type":"article","og_title":"Artigo Di\u00e1rio de Aveiro - Arouca Film Festival","og_description":"Registo da Edi\u00e7\u00e3o 2021 no Di\u00e1rio de Aveiro","og_url":"https:\/\/aroucafilmfestival.com\/en\/artigo-diario-de-aveiro\/","og_site_name":"Arouca Film Festival","article_publisher":"https:\/\/www.facebook.com\/aroucafilmfestival","article_published_time":"2021-08-10T13:16:08+00:00","article_modified_time":"2021-08-10T14:03:06+00:00","og_image":[{"width":1500,"height":500,"url":"https:\/\/aroucafilmfestival.com\/wp-content\/uploads\/2021\/08\/profile_banners_4556057415_1519812665_1500x500.jpg","type":"image\/jpeg"}],"author":"Carlos Pinho","twitter_card":"summary_large_image","twitter_misc":{"Written by":"Carlos Pinho"},"schema":{"@context":"https:\/\/schema.org","@graph":[{"@type":"Article","@id":"https:\/\/aroucafilmfestival.com\/en\/artigo-diario-de-aveiro\/#article","isPartOf":{"@id":"https:\/\/aroucafilmfestival.com\/en\/artigo-diario-de-aveiro\/"},"author":{"name":"Carlos Pinho","@id":"https:\/\/aroucafilmfestival.com\/#\/schema\/person\/a3903a8270640c61796cb6643d71d606"},"headline":"Artigo Di\u00e1rio de Aveiro","datePublished":"2021-08-10T13:16:08+00:00","dateModified":"2021-08-10T14:03:06+00:00","mainEntityOfPage":{"@id":"https:\/\/aroucafilmfestival.com\/en\/artigo-diario-de-aveiro\/"},"wordCount":20,"publisher":{"@id":"https:\/\/aroucafilmfestival.com\/#organization"},"image":{"@id":"https:\/\/aroucafilmfestival.com\/en\/artigo-diario-de-aveiro\/#primaryimage"},"thumbnailUrl":"https:\/\/aroucafilmfestival.com\/wp-content\/uploads\/2021\/08\/profile_banners_4556057415_1519812665_1500x500.jpg","keywords":["arouca","aveiro","Cinema"],"articleSection":["Arouca Film Festival 2021","Festival 2021"],"inLanguage":"en-GB"},{"@type":"WebPage","@id":"https:\/\/aroucafilmfestival.com\/en\/artigo-diario-de-aveiro\/","url":"https:\/\/aroucafilmfestival.com\/en\/artigo-diario-de-aveiro\/","name":"Artigo Di\u00e1rio de Aveiro - Arouca Film Festival","isPartOf":{"@id":"https:\/\/aroucafilmfestival.com\/#website"},"primaryImageOfPage":{"@id":"https:\/\/aroucafilmfestival.com\/en\/artigo-diario-de-aveiro\/#primaryimage"},"image":{"@id":"https:\/\/aroucafilmfestival.com\/en\/artigo-diario-de-aveiro\/#primaryimage"},"thumbnailUrl":"https:\/\/aroucafilmfestival.com\/wp-content\/uploads\/2021\/08\/profile_banners_4556057415_1519812665_1500x500.jpg","datePublished":"2021-08-10T13:16:08+00:00","dateModified":"2021-08-10T14:03:06+00:00","description":"Registo da Edi\u00e7\u00e3o 2021 no Di\u00e1rio de Aveiro","breadcrumb":{"@id":"https:\/\/aroucafilmfestival.com\/en\/artigo-diario-de-aveiro\/#breadcrumb"},"inLanguage":"en-GB","potentialAction":[{"@type":"ReadAction","target":["https:\/\/aroucafilmfestival.com\/en\/artigo-diario-de-aveiro\/"]}]},{"@type":"ImageObject","inLanguage":"en-GB","@id":"https:\/\/aroucafilmfestival.com\/en\/artigo-diario-de-aveiro\/#primaryimage","url":"https:\/\/aroucafilmfestival.com\/wp-content\/uploads\/2021\/08\/profile_banners_4556057415_1519812665_1500x500.jpg","contentUrl":"https:\/\/aroucafilmfestival.com\/wp-content\/uploads\/2021\/08\/profile_banners_4556057415_1519812665_1500x500.jpg","width":1500,"height":500},{"@type":"BreadcrumbList","@id":"https:\/\/aroucafilmfestival.com\/en\/artigo-diario-de-aveiro\/#breadcrumb","itemListElement":[{"@type":"ListItem","position":1,"name":"In\u00edcio","item":"https:\/\/aroucafilmfestival.com\/"},{"@type":"ListItem","position":2,"name":"Artigo Di\u00e1rio de Aveiro"}]},{"@type":"WebSite","@id":"https:\/\/aroucafilmfestival.com\/#website","url":"https:\/\/aroucafilmfestival.com\/","name":"Arouca Film Festival","description":"Portuguese Internacional Film Festival","publisher":{"@id":"https:\/\/aroucafilmfestival.com\/#organization"},"potentialAction":[{"@type":"SearchAction","target":{"@type":"EntryPoint","urlTemplate":"https:\/\/aroucafilmfestival.com\/?s={search_term_string}"},"query-input":{"@type":"PropertyValueSpecification","valueRequired":true,"valueName":"search_term_string"}}],"inLanguage":"en-GB"},{"@type":"Organization","@id":"https:\/\/aroucafilmfestival.com\/#organization","name":"Arouca Film Festival","alternateName":"AFF","url":"https:\/\/aroucafilmfestival.com\/","logo":{"@type":"ImageObject","inLanguage":"en-GB","@id":"https:\/\/aroucafilmfestival.com\/#\/schema\/logo\/image\/","url":"https:\/\/aroucafilmfestival.com\/wp-content\/uploads\/2021\/09\/TelaLIT_AFF_2021_3-scaled-e1631835841735.jpg","contentUrl":"https:\/\/aroucafilmfestival.com\/wp-content\/uploads\/2021\/09\/TelaLIT_AFF_2021_3-scaled-e1631835841735.jpg","width":2560,"height":889,"caption":"Arouca Film Festival"},"image":{"@id":"https:\/\/aroucafilmfestival.com\/#\/schema\/logo\/image\/"},"sameAs":["https:\/\/www.facebook.com\/aroucafilmfestival","https:\/\/www.instagram.com\/aroucafilmfestival_portugal\/"]},{"@type":"Person","@id":"https:\/\/aroucafilmfestival.com\/#\/schema\/person\/a3903a8270640c61796cb6643d71d606","name":"Carlos Pinho","image":{"@type":"ImageObject","inLanguage":"en-GB","@id":"https:\/\/secure.gravatar.com\/avatar\/f5b4e4005139b4bef027274b1df13d49d77cfa7e55056db60a9b4fed3808e150?s=96&d=blank&r=g","url":"https:\/\/secure.gravatar.com\/avatar\/f5b4e4005139b4bef027274b1df13d49d77cfa7e55056db60a9b4fed3808e150?s=96&d=blank&r=g","contentUrl":"https:\/\/secure.gravatar.com\/avatar\/f5b4e4005139b4bef027274b1df13d49d77cfa7e55056db60a9b4fed3808e150?s=96&d=blank&r=g","caption":"Carlos Pinho"},"sameAs":["http:\/\/carlospinho.pt"]}]}},"_links":{"self":[{"href":"https:\/\/aroucafilmfestival.com\/en\/wp-json\/wp\/v2\/posts\/2711","targetHints":{"allow":["GET"]}}],"collection":[{"href":"https:\/\/aroucafilmfestival.com\/en\/wp-json\/wp\/v2\/posts"}],"about":[{"href":"https:\/\/aroucafilmfestival.com\/en\/wp-json\/wp\/v2\/types\/post"}],"author":[{"embeddable":true,"href":"https:\/\/aroucafilmfestival.com\/en\/wp-json\/wp\/v2\/users\/7"}],"replies":[{"embeddable":true,"href":"https:\/\/aroucafilmfestival.com\/en\/wp-json\/wp\/v2\/comments?post=2711"}],"version-history":[{"count":0,"href":"https:\/\/aroucafilmfestival.com\/en\/wp-json\/wp\/v2\/posts\/2711\/revisions"}],"wp:featuredmedia":[{"embeddable":true,"href":"https:\/\/aroucafilmfestival.com\/en\/wp-json\/wp\/v2\/media\/2716"}],"wp:attachment":[{"href":"https:\/\/aroucafilmfestival.com\/en\/wp-json\/wp\/v2\/media?parent=2711"}],"wp:term":[{"taxonomy":"category","embeddable":true,"href":"https:\/\/aroucafilmfestival.com\/en\/wp-json\/wp\/v2\/categories?post=2711"},{"taxonomy":"post_tag","embeddable":true,"href":"https:\/\/aroucafilmfestival.com\/en\/wp-json\/wp\/v2\/tags?post=2711"}],"curies":[{"name":"wp","href":"https:\/\/api.w.org\/{rel}","templated":true}]}}